{"id":8507,"date":"2017-05-23T11:09:13","date_gmt":"2017-05-23T14:09:13","guid":{"rendered":"https:\/\/blogs.correiobraziliense.com.br\/cbpoder\/?p=8507"},"modified":"2017-05-23T11:09:13","modified_gmt":"2017-05-23T14:09:13","slug":"prisao-e-o-fim-da-linha-para-filippelli-na-disputa-ao-buriti","status":"publish","type":"post","link":"https:\/\/blogs.correiobraziliense.com.br\/cbpoder\/prisao-e-o-fim-da-linha-para-filippelli-na-disputa-ao-buriti\/","title":{"rendered":"Pris\u00e3o \u00e9 fim da linha para candidatura de Filippelli ao Buriti"},"content":{"rendered":"<p>ANA MARIA CAMPOS<\/p>\n<p>A Opera\u00e7\u00e3o Lava-Jato e a pris\u00e3o do ex-vice-governador Tadeu Filippelli (PMDB) praticamente enterram a possibilidade de sua candidatura ao Governo do Distrito Federal, um projeto de poder trabalhado na \u00faltima d\u00e9cada.<\/p>\n<p>Desde o impeachment de Dilma Rousseff, com a chegada de Michel Temer \u00e0 Presid\u00eancia da Rep\u00fablica, Filippelli passou a acreditar que era a sua vez de chegar ao Pal\u00e1cio do Buriti, principalmente pelas dificuldades pol\u00edticas e financeiras de seu principal rival no Distrito Federal, o governador Rodrigo Rollemberg (PSB).<\/p>\n<p>Filippelli vinha se encontrando com pol\u00edticos da oposi\u00e7\u00e3o a Rollemberg, como os deputados Alberto Fraga (DEM) e Izalci Lucas (PSDB) o ex-deputado distrital Al\u00edrio Neto (PTB). Ele tamb\u00e9m gravou inser\u00e7\u00f5es do PMDB para as tev\u00eas e r\u00e1dios com cr\u00edticas ao GDF e se colocou como o respons\u00e1vel pela inclus\u00e3o de regras para a legaliza\u00e7\u00e3o de condom\u00ednios do DF na MP 759, editada pelo presidente Michel Temer, para criar novas regras para a regulariza\u00e7\u00e3o fundi\u00e1ria no pa\u00eds.<\/p>\n<p>Os planos de Filippelli foram mantidos at\u00e9 mesmo depois de o nome dele aparecer na lista do procurador-geral da Rep\u00fablica, Rodrigo Janot, para remessa de termos das dela\u00e7\u00f5es premiadas de executivos da Odebrecht e da Andrade Gutierrez a investiga\u00e7\u00f5es em primeira inst\u00e2ncia.<\/p>\n<p>Jo\u00e3o Antonio Pac\u00edfico, ex-executivo da Odebrecht, disse que negociou R$15 milh\u00f5es em pagamentos a Filippelli e ao ex-governador Agnelo Queiroz (PT) em troca de agilidade na libera\u00e7\u00e3o e ocupa\u00e7\u00e3o do Centro Administrativo (Centrad), em Taguatinga.<\/p>\n<p>A candidatura de Filippelli ao governo em 2018 come\u00e7ou a se tornar mais distante com a crise envolvendo seu padrinho pol\u00edtico, o presidente Michel Temer, que ter\u00e1 de enfrentar um processo de impeachment pelas dela\u00e7\u00f5es do empres\u00e1rio Joesley Batista, dono da JBS, e ainda corre o risco de perder o mandato no Tribunal Superior Eleitoral (TSE).<\/p>\n<p>Filippelli come\u00e7ou a vida p\u00fablica no grupo pol\u00edtico de Joaquim Roriz. Foi administrador regional, presidemte da extinta Shis (hoje Codhab) e o chef\u00e3o das obras. No fim do quarto mandato de Roriz, Filippelli sonhava ser escolhido o sucessor, mas Roriz acabou apoiando sua vice, Maria de Lourdes Abadia (PSDB), e indiretamente Jos\u00e9 Roberto Arruda, nas elei\u00e7\u00f5es de 2006.<\/p>\n<p>Eleito deputado federal naquele ano, Filippelli comp\u00f4s com Arruda e voltou q exercer influ\u00eancia nas obras do governo do DF. Ele \u00e9 um raro caso de pol\u00edtico qye manteve esse poderio durante quatro mandatos consecutivos de governadores di DF.<\/p>\n<p>Com a derrocada do governo Arruda, abatido pela Opera\u00e7\u00e3o Caixa de Pandora, Filippelli ajudou a eleger Rog\u00e9rio Rosso, ent\u00e3o do PMDB, para mandato tamp\u00e3o escolhido pela C\u00e2mara Legislativa, em 2010.<\/p>\n<p>Come\u00e7ou, assim, a costurar um acordo com o PT para ser o vice de Agnelo. Essa articula\u00e7\u00e3o passou pelo rompimento com Joaquim Roriz, que precisou deixar o PMDB para ser candidato ao GDF contra Agnelo e Filippelli, at\u00e9 ser impedido pela Lei da Ficha Limpa.<\/p>\n<p>Sem condi\u00e7\u00f5es legais de concorrer, Roriz lan\u00e7ou a mulher, Weslian Roriz, para se contrapor a Agnelo e Filippelli. Com a vit\u00f3ria no segundo turno da alian\u00e7a entre PT e PMDB, Filippelli virou um vice-governador com poder compartilhado.<\/p>\n<p>Filippelli mandava nas obras, no transporte e, no \u00faltimo ano do governo, tamb\u00e9m na comunica\u00e7\u00e3o. Em 2014, a chapa, que concorreu \u00e0 reelei\u00e7\u00e3o, n\u00e3o foi sequer para o segundo turno.<\/p>\n<p>Apesar do rompimento com Roriz em 2010, o ex-vice-governador se reaproximou do antigo grupo pol\u00edtico e voltou a associar a sua imagem a obras do passado, como a Ponte JK e a constru\u00e7\u00e3o de v\u00e1rios viadutos.<\/p>\n<p>Com o ex-governador doente e fora da pol\u00edtica, Filippelli optou pela interlocu\u00e7\u00e3o com Weslian Roriz e com a deputada distrital Liliane Roriz (PTB). No meio pol\u00edtico, acreditava-se que Liliane poderia ser a vice na chapa para que Filippelli carregasse o nome Roriz na disputa ao GDF. Liliane, no entanto, por condena\u00e7\u00f5es na Justi\u00e7a Eleitoral, est\u00e1 inelegivel.<\/p>\n<p>Com o novo cen\u00e1rio de dificuldades para Filippelli, o grupo advers\u00e1rio de Rollemberg tem Fraga, Izalci, Al\u00edrio e o ex-deputado Jofran Frejat (PR) como potenciais candidatos ao governo.<\/p>\n","protected":false},"excerpt":{"rendered":"<p>ANA MARIA CAMPOS A Opera\u00e7\u00e3o Lava-Jato e a pris\u00e3o do ex-vice-governador Tadeu Filippelli (PMDB) praticamente enterram a possibilidade de sua candidatura ao Governo do Distrito Federal, um projeto de poder trabalhado na \u00faltima d\u00e9cada. Desde o impeachment de Dilma Rousseff, com a chegada de Michel Temer \u00e0 Presid\u00eancia da Rep\u00fablica, Filippelli passou a acreditar que era a sua vez de [&hellip;]<\/p>\n","protected":false},"author":9,"featured_media":7583,"comment_status":"open","ping_status":"closed","sticky":false,"template":"","format":"standard","meta":{"footnotes":""},"categories":[234],"tags":[311,131,61],"class_list":["post-8507","post","type-post","status-publish","format-standard","has-post-thumbnail","hentry","category-cb-poder","tag-eleicoes","tag-filippelli","tag-lava-jato"],"_links":{"self":[{"href":"https:\/\/blogs.correiobraziliense.com.br\/cbpoder\/wp-json\/wp\/v2\/posts\/8507","targetHints":{"allow":["GET"]}}],"collection":[{"href":"https:\/\/blogs.correiobraziliense.com.br\/cbpoder\/wp-json\/wp\/v2\/posts"}],"about":[{"href":"https:\/\/blogs.correiobraziliense.com.br\/cbpoder\/wp-json\/wp\/v2\/types\/post"}],"author":[{"embeddable":true,"href":"https:\/\/blogs.correiobraziliense.com.br\/cbpoder\/wp-json\/wp\/v2\/users\/9"}],"replies":[{"embeddable":true,"href":"https:\/\/blogs.correiobraziliense.com.br\/cbpoder\/wp-json\/wp\/v2\/comments?post=8507"}],"version-history":[{"count":2,"href":"https:\/\/blogs.correiobraziliense.com.br\/cbpoder\/wp-json\/wp\/v2\/posts\/8507\/revisions"}],"predecessor-version":[{"id":8517,"href":"https:\/\/blogs.correiobraziliense.com.br\/cbpoder\/wp-json\/wp\/v2\/posts\/8507\/revisions\/8517"}],"wp:featuredmedia":[{"embeddable":true,"href":"https:\/\/blogs.correiobraziliense.com.br\/cbpoder\/wp-json\/wp\/v2\/media\/7583"}],"wp:attachment":[{"href":"https:\/\/blogs.correiobraziliense.com.br\/cbpoder\/wp-json\/wp\/v2\/media?parent=8507"}],"wp:term":[{"taxonomy":"category","embeddable":true,"href":"https:\/\/blogs.correiobraziliense.com.br\/cbpoder\/wp-json\/wp\/v2\/categories?post=8507"},{"taxonomy":"post_tag","embeddable":true,"href":"https:\/\/blogs.correiobraziliense.com.br\/cbpoder\/wp-json\/wp\/v2\/tags?post=8507"}],"curies":[{"name":"wp","href":"https:\/\/api.w.org\/{rel}","templated":true}]}}