{"id":8437,"date":"2017-05-17T13:02:09","date_gmt":"2017-05-17T16:02:09","guid":{"rendered":"https:\/\/blogs.correiobraziliense.com.br\/cbpoder\/?p=8437"},"modified":"2017-05-17T11:03:45","modified_gmt":"2017-05-17T14:03:45","slug":"nova-executiva-do-pt-em-guerra-com-o-governo","status":"publish","type":"post","link":"https:\/\/blogs.correiobraziliense.com.br\/cbpoder\/nova-executiva-do-pt-em-guerra-com-o-governo\/","title":{"rendered":"Nova executiva do PT em guerra com o governo"},"content":{"rendered":"<p>A nova executiva regional do PT, eleita h\u00e1 10 dias, j\u00e1 come\u00e7ou a mostrar que n\u00e3o vai dar tr\u00e9gua ao governador Rodrigo Rollemberg (PSB). Embora com alguns dias de demora, o partido divulgou ontem uma nota para criticar o an\u00fancio, feito na \u00faltima sexta-feira por integrantes do governo, de abertura de processos para apurar a responsabilidade de gestores em irregularidades investigadas na Lava-Jato. \u00c9 o caso dos petistas Agnelo Queiroz e Geraldo Magela, citados em dela\u00e7\u00f5es de executivos da Odebrecht.<\/p>\n<p>&nbsp;<\/p>\n<p>Na nota, o PT contra-ataca: \u201cOs fatos que envolvem o PT, atingem tamb\u00e9m lideran\u00e7as do seu partido \u2013 o PSB \u2013 mas quanto a isso Rollemberg mant\u00e9m o mais completo sil\u00eancio. Ali\u00e1s, o pr\u00f3prio governador se cala sobre o fato de ter recebido recursos da Odebrecht para a sua campanha\u201d. Desde a \u00faltima conven\u00e7\u00e3o regional, a deputada \u00c9rika Kokay presidente o PT-DF.<\/p>\n<p>&nbsp;<\/p>\n<h2>PSB responde nota da executiva<\/h2>\n<p>A nota do PT n\u00e3o ficou sem resposta. A executiva do PSB se manifestou em seguida: \u201cImpressiona a forma como a atual dire\u00e7\u00e3o do Partido dos Trabalhadores tenta enganar a popula\u00e7\u00e3o de Bras\u00edlia. Essa declara\u00e7\u00e3o de que o PT \u00e9 o &#8216;maior interessado&#8217; no esclarecimento de den\u00fancias de corrup\u00e7\u00e3o relacionadas \u00e0 Opera\u00e7\u00e3o Lava-Jato beira \u00e0 desonestidade\u201d.<\/p>\n","protected":false},"excerpt":{"rendered":"<p>A nova executiva regional do PT, eleita h\u00e1 10 dias, j\u00e1 come\u00e7ou a mostrar que n\u00e3o vai dar tr\u00e9gua ao governador Rodrigo Rollemberg (PSB). Embora com alguns dias de demora, o partido divulgou ontem uma nota para criticar o an\u00fancio, feito na \u00faltima sexta-feira por integrantes do governo, de abertura de processos para apurar a responsabilidade de gestores em irregularidades [&hellip;]<\/p>\n","protected":false},"author":9,"featured_media":7704,"comment_status":"open","ping_status":"closed","sticky":false,"template":"","format":"standard","meta":{"footnotes":""},"categories":[234],"tags":[],"class_list":["post-8437","post","type-post","status-publish","format-standard","has-post-thumbnail","hentry","category-cb-poder"],"_links":{"self":[{"href":"https:\/\/blogs.correiobraziliense.com.br\/cbpoder\/wp-json\/wp\/v2\/posts\/8437","targetHints":{"allow":["GET"]}}],"collection":[{"href":"https:\/\/blogs.correiobraziliense.com.br\/cbpoder\/wp-json\/wp\/v2\/posts"}],"about":[{"href":"https:\/\/blogs.correiobraziliense.com.br\/cbpoder\/wp-json\/wp\/v2\/types\/post"}],"author":[{"embeddable":true,"href":"https:\/\/blogs.correiobraziliense.com.br\/cbpoder\/wp-json\/wp\/v2\/users\/9"}],"replies":[{"embeddable":true,"href":"https:\/\/blogs.correiobraziliense.com.br\/cbpoder\/wp-json\/wp\/v2\/comments?post=8437"}],"version-history":[{"count":1,"href":"https:\/\/blogs.correiobraziliense.com.br\/cbpoder\/wp-json\/wp\/v2\/posts\/8437\/revisions"}],"predecessor-version":[{"id":8438,"href":"https:\/\/blogs.correiobraziliense.com.br\/cbpoder\/wp-json\/wp\/v2\/posts\/8437\/revisions\/8438"}],"wp:featuredmedia":[{"embeddable":true,"href":"https:\/\/blogs.correiobraziliense.com.br\/cbpoder\/wp-json\/wp\/v2\/media\/7704"}],"wp:attachment":[{"href":"https:\/\/blogs.correiobraziliense.com.br\/cbpoder\/wp-json\/wp\/v2\/media?parent=8437"}],"wp:term":[{"taxonomy":"category","embeddable":true,"href":"https:\/\/blogs.correiobraziliense.com.br\/cbpoder\/wp-json\/wp\/v2\/categories?post=8437"},{"taxonomy":"post_tag","embeddable":true,"href":"https:\/\/blogs.correiobraziliense.com.br\/cbpoder\/wp-json\/wp\/v2\/tags?post=8437"}],"curies":[{"name":"wp","href":"https:\/\/api.w.org\/{rel}","templated":true}]}}