{"id":8419,"date":"2017-05-16T16:45:50","date_gmt":"2017-05-16T19:45:50","guid":{"rendered":"https:\/\/blogs.correiobraziliense.com.br\/cbpoder\/?p=8419"},"modified":"2017-05-16T18:58:42","modified_gmt":"2017-05-16T21:58:42","slug":"claudio-abrantes-deixa-rede-rompe-com-governo","status":"publish","type":"post","link":"https:\/\/blogs.correiobraziliense.com.br\/cbpoder\/claudio-abrantes-deixa-rede-rompe-com-governo\/","title":{"rendered":"Pela Pol\u00edcia Civil, Cl\u00e1udio Abrantes deixa a Rede e anuncia rompimento com o governo Rollemberg"},"content":{"rendered":"<p>ANA MARIA CAMPOS<\/p>\n<p>O deputado Cl\u00e1udio Abrantes anunciou na\u00a0tarde desta ter\u00e7a-feira (16\/5), na C\u00e2mara Legislativa, que vai deixar a base do governo Rollemberg. Ele tamb\u00e9m vai se desfilar \u00a0da Rede Sustentabilidade e ficar\u00e1 nos pr\u00f3ximos meses sem partido. &#8220;Neste momento, quero deixar claro para todos que n\u00e3o fa\u00e7o mais parte da base de apoio ao governador Rodrigo Rollemberg. Eu acredito que a vida pol\u00edtica deve ser feita com base em compromissos&#8221;, disse. &#8220;Sempre pautei minha vida dessa forma: o compromisso s\u00f3 \u00e9 feito se \u00e9 poss\u00edvel e se \u00e9 poss\u00edvel deve ser cumprido&#8221;, afirmou Abrantes na tribuna.<\/p>\n<p>&nbsp;<\/p>\n<p>A crise entre Abrantes e o governo \u00e9 decorrente da posi\u00e7\u00e3o pol\u00edtica do distrital em defesa das <a href=\"https:\/\/blogs.correiobraziliense.com.br\/cbpoder\/rollemberg-prepara-proposta-para-pcdf\/\">negocia\u00e7\u00f5es <\/a>salariais da Pol\u00edcia Civil para paridade dos contracheques. Ele adotou uma postura de obstru\u00e7\u00e3o na C\u00e2mara at\u00e9 que o governador apresentasse uma proposta. Segundo Abrantes, Rollemberg assumiu o compromisso de receber representantes dos sindicatos da categoria para buscar uma solu\u00e7\u00e3o.<\/p>\n<p>&nbsp;<\/p>\n<p>&#8220;O\u00a0governo sequer se esfor\u00e7a para achar uma solu\u00e7\u00e3o do ponto de vista amig\u00e1vel. Pelo contr\u00e1rio, ainda se nega a receber os servidores&#8221;, acrescentou.\u00a0A dire\u00e7\u00e3o da Rede n\u00e3o aprovou a decis\u00e3o de Abrantes. Por isso, ele decidiu se desfiliar do partido.<\/p>\n","protected":false},"excerpt":{"rendered":"<p>ANA MARIA CAMPOS O deputado Cl\u00e1udio Abrantes anunciou na\u00a0tarde desta ter\u00e7a-feira (16\/5), na C\u00e2mara Legislativa, que vai deixar a base do governo Rollemberg. Ele tamb\u00e9m vai se desfilar \u00a0da Rede Sustentabilidade e ficar\u00e1 nos pr\u00f3ximos meses sem partido. &#8220;Neste momento, quero deixar claro para todos que n\u00e3o fa\u00e7o mais parte da base de apoio ao governador Rodrigo Rollemberg. Eu acredito [&hellip;]<\/p>\n","protected":false},"author":9,"featured_media":8127,"comment_status":"open","ping_status":"closed","sticky":false,"template":"","format":"standard","meta":{"footnotes":""},"categories":[234],"tags":[70,233,102,230,49],"class_list":["post-8419","post","type-post","status-publish","format-standard","has-post-thumbnail","hentry","category-cb-poder","tag-camara-legislativa","tag-claudio-abrantes","tag-policia-civil","tag-rede","tag-rollemberg"],"_links":{"self":[{"href":"https:\/\/blogs.correiobraziliense.com.br\/cbpoder\/wp-json\/wp\/v2\/posts\/8419","targetHints":{"allow":["GET"]}}],"collection":[{"href":"https:\/\/blogs.correiobraziliense.com.br\/cbpoder\/wp-json\/wp\/v2\/posts"}],"about":[{"href":"https:\/\/blogs.correiobraziliense.com.br\/cbpoder\/wp-json\/wp\/v2\/types\/post"}],"author":[{"embeddable":true,"href":"https:\/\/blogs.correiobraziliense.com.br\/cbpoder\/wp-json\/wp\/v2\/users\/9"}],"replies":[{"embeddable":true,"href":"https:\/\/blogs.correiobraziliense.com.br\/cbpoder\/wp-json\/wp\/v2\/comments?post=8419"}],"version-history":[{"count":6,"href":"https:\/\/blogs.correiobraziliense.com.br\/cbpoder\/wp-json\/wp\/v2\/posts\/8419\/revisions"}],"predecessor-version":[{"id":8426,"href":"https:\/\/blogs.correiobraziliense.com.br\/cbpoder\/wp-json\/wp\/v2\/posts\/8419\/revisions\/8426"}],"wp:featuredmedia":[{"embeddable":true,"href":"https:\/\/blogs.correiobraziliense.com.br\/cbpoder\/wp-json\/wp\/v2\/media\/8127"}],"wp:attachment":[{"href":"https:\/\/blogs.correiobraziliense.com.br\/cbpoder\/wp-json\/wp\/v2\/media?parent=8419"}],"wp:term":[{"taxonomy":"category","embeddable":true,"href":"https:\/\/blogs.correiobraziliense.com.br\/cbpoder\/wp-json\/wp\/v2\/categories?post=8419"},{"taxonomy":"post_tag","embeddable":true,"href":"https:\/\/blogs.correiobraziliense.com.br\/cbpoder\/wp-json\/wp\/v2\/tags?post=8419"}],"curies":[{"name":"wp","href":"https:\/\/api.w.org\/{rel}","templated":true}]}}