{"id":8280,"date":"2017-05-04T12:26:14","date_gmt":"2017-05-04T15:26:14","guid":{"rendered":"https:\/\/blogs.correiobraziliense.com.br\/cbpoder\/?p=8280"},"modified":"2017-05-04T14:01:53","modified_gmt":"2017-05-04T17:01:53","slug":"relator-da-cpi-da-saude-pede-retorno-do-diretor-do-hospital-da-crianca-afastado-por-decisao-judicial","status":"publish","type":"post","link":"https:\/\/blogs.correiobraziliense.com.br\/cbpoder\/relator-da-cpi-da-saude-pede-retorno-do-diretor-do-hospital-da-crianca-afastado-por-decisao-judicial\/","title":{"rendered":"Relator da CPI da Sa\u00fade pede retorno do diretor do Hospital da Crian\u00e7a afastado por decis\u00e3o judicial"},"content":{"rendered":"<p>Ana Viriato<\/p>\n<p>Ap\u00f3s cerca de um ano de atividades, o relator geral da Comiss\u00e3o Parlamentar de Inqu\u00e9rito (CPI), distrital Lira (PHS), apresenta desde \u00e0s 11h desta quinta-feira (4\/4), o parecer final sobre as investiga\u00e7\u00f5es do colegiado. Na sess\u00e3o, o parlamentar mostrou-se favor\u00e1vel ao retorno de Renilson Rehem ao comando do Hospital da Crian\u00e7a (HCB). A Justi\u00e7a afastou o m\u00e9dico do posto, pela segunda vez, em abril deste ano.<\/p>\n<p>Renilson \u00e9 alvo de uma a\u00e7\u00e3o de improbidade administrativa ajuizada pelo Minist\u00e9rio P\u00fablico do DF e Territ\u00f3rios (MPDFT) devido \u00e0s supostas irregularidades identificadas nos contratos firmados entre a Secretaria de Sa\u00fade e o Instituto de C\u00e2ncer Infantil e Pediatria Especializada, para realizar a gest\u00e3o do Hospital da Crian\u00e7a.<\/p>\n<p>A a\u00e7\u00e3o \u00e9 contestada por Lira.\u00a0 &#8220;Ao longo das investiga\u00e7\u00f5es da CPI, n\u00e3o foram encontradas evid\u00eancias que justifiquem, de fato, o afastamento de Renilson do Centro Hospitalar. H\u00e1 apenas pequenos problemas que fazem parte da gest\u00e3o&#8221;, argumentou Lira.<\/p>\n<p>Rob\u00e9rio Negreiros (PSDB) tamb\u00e9m defendeu o retorno de Renilson ao Hospital da Crian\u00e7a. Em of\u00edcio encaminhado ao distrital Lira para incorpora\u00e7\u00e3o ao relat\u00f3rio final, o tucano afirmou n\u00e3o ter verificado &#8220;a pr\u00e1tica de condutas dolosas ou improbas por parte do gestor do Instituto&#8221;.<\/p>\n<p>O posicionamento de Lira e Rob\u00e9rio vai na contram\u00e3o dos relat\u00f3rios do presidente da CPI da Sa\u00fade, Wellington Luiz (PMDB). No parecer pr\u00e9vio de agosto, o peemedebista apontava graves den\u00fancias contra o Hospital da Crian\u00e7a, seus diretores e a Icipe.<\/p>\n<p>O material chegou a ser enviado para a Delegacia de Combate ao Crime Organizado (Deco), ao Grupo Especial de Atua\u00e7\u00e3o contra o Crime Organizado do Minist\u00e9rio P\u00fablico do DF (Gaeco), ao Minist\u00e9rio P\u00fablico de Contas e ao Tribunal de Contas do DF.<\/p>\n<p>A maioria das informa\u00e7\u00f5es, por\u00e9m, n\u00e3o foi inclu\u00edda no relat\u00f3rio apresentado na reta final da CPI da Sa\u00fade. No novo texto, Wellington prioriza o pedido de quebra de sigilo de pessoas f\u00edsicas e jur\u00eddicas que mantiveram alguma rela\u00e7\u00e3o com o Hospital da Crian\u00e7a.<\/p>\n<p>A vota\u00e7\u00e3o do relat\u00f3rio geral de Lira est\u00e1 prevista para a pr\u00f3xima quinta-feira (11).<\/p>\n<p>A\u00e7\u00e3o na Justi\u00e7a<\/p>\n<p>Segundo a a\u00e7\u00e3o que tramita no Tribunal de Justi\u00e7a do DF, a contrata\u00e7\u00e3o do Icipe para gerir o Hospital da Crian\u00e7a foi feita sem licita\u00e7\u00e3o e sem justificativa de pre\u00e7o. O MP ainda ressalta que a presta\u00e7\u00e3o de contas do centro m\u00e9dico deu-se de modo impreciso.<\/p>\n","protected":false},"excerpt":{"rendered":"<p>Ana Viriato Ap\u00f3s cerca de um ano de atividades, o relator geral da Comiss\u00e3o Parlamentar de Inqu\u00e9rito (CPI), distrital Lira (PHS), apresenta desde \u00e0s 11h desta quinta-feira (4\/4), o parecer final sobre as investiga\u00e7\u00f5es do colegiado. Na sess\u00e3o, o parlamentar mostrou-se favor\u00e1vel ao retorno de Renilson Rehem ao comando do Hospital da Crian\u00e7a (HCB). A Justi\u00e7a afastou o m\u00e9dico do [&hellip;]<\/p>\n","protected":false},"author":9,"featured_media":8283,"comment_status":"open","ping_status":"closed","sticky":false,"template":"","format":"standard","meta":{"footnotes":""},"categories":[234],"tags":[421,723,724],"class_list":["post-8280","post","type-post","status-publish","format-standard","has-post-thumbnail","hentry","category-cb-poder","tag-cpi-da-saude","tag-hospital-da-crianca","tag-relatorio-final"],"_links":{"self":[{"href":"https:\/\/blogs.correiobraziliense.com.br\/cbpoder\/wp-json\/wp\/v2\/posts\/8280","targetHints":{"allow":["GET"]}}],"collection":[{"href":"https:\/\/blogs.correiobraziliense.com.br\/cbpoder\/wp-json\/wp\/v2\/posts"}],"about":[{"href":"https:\/\/blogs.correiobraziliense.com.br\/cbpoder\/wp-json\/wp\/v2\/types\/post"}],"author":[{"embeddable":true,"href":"https:\/\/blogs.correiobraziliense.com.br\/cbpoder\/wp-json\/wp\/v2\/users\/9"}],"replies":[{"embeddable":true,"href":"https:\/\/blogs.correiobraziliense.com.br\/cbpoder\/wp-json\/wp\/v2\/comments?post=8280"}],"version-history":[{"count":1,"href":"https:\/\/blogs.correiobraziliense.com.br\/cbpoder\/wp-json\/wp\/v2\/posts\/8280\/revisions"}],"predecessor-version":[{"id":8282,"href":"https:\/\/blogs.correiobraziliense.com.br\/cbpoder\/wp-json\/wp\/v2\/posts\/8280\/revisions\/8282"}],"wp:featuredmedia":[{"embeddable":true,"href":"https:\/\/blogs.correiobraziliense.com.br\/cbpoder\/wp-json\/wp\/v2\/media\/8283"}],"wp:attachment":[{"href":"https:\/\/blogs.correiobraziliense.com.br\/cbpoder\/wp-json\/wp\/v2\/media?parent=8280"}],"wp:term":[{"taxonomy":"category","embeddable":true,"href":"https:\/\/blogs.correiobraziliense.com.br\/cbpoder\/wp-json\/wp\/v2\/categories?post=8280"},{"taxonomy":"post_tag","embeddable":true,"href":"https:\/\/blogs.correiobraziliense.com.br\/cbpoder\/wp-json\/wp\/v2\/tags?post=8280"}],"curies":[{"name":"wp","href":"https:\/\/api.w.org\/{rel}","templated":true}]}}