{"id":8269,"date":"2017-05-03T12:32:36","date_gmt":"2017-05-03T15:32:36","guid":{"rendered":"https:\/\/blogs.correiobraziliense.com.br\/cbpoder\/?p=8269"},"modified":"2017-05-03T12:32:36","modified_gmt":"2017-05-03T15:32:36","slug":"testemunha-do-caso-sandra-faraj-e-ouvida-em-sigilo-na-camara","status":"publish","type":"post","link":"https:\/\/blogs.correiobraziliense.com.br\/cbpoder\/testemunha-do-caso-sandra-faraj-e-ouvida-em-sigilo-na-camara\/","title":{"rendered":"Testemunha do caso Sandra Faraj \u00e9 ouvida em sigilo na C\u00e2mara"},"content":{"rendered":"<hr \/>\n<p>Ana Viriato<\/p>\n<p>Testemunha-chave do epis\u00f3dio em que a distrital Sandra Faraj (SD) \u00e9 acusada de embolsar R$ 150 mil em verba indenizat\u00f3ria, Manoel Carneiro prestou esclarecimentos a portas fechadas, nesta quarta-feira (3\/5), ao Corregedor da C\u00e2mara Legislativa, Juarez\u00e3o (PSB).<\/p>\n<p>Ap\u00f3s a oitiva, que durou menos de uma hora, o ex-chefe de gabinete da parlamentar saiu por tr\u00e1s da sala onde dep\u00f4s e n\u00e3o falou com a imprensa. O deputado Juarez\u00e3o tamb\u00e9m preferiu n\u00e3o esclarecer detalhes da reuni\u00e3o.<\/p>\n<p>O Corregedor do Legislativo local tem at\u00e9 a quinta-feira da pr\u00f3xima semana para entregar um parecer sobre a den\u00fancia \u00e0 Comiss\u00e3o de \u00c9tica e Decoro Parlamentar.<\/p>\n<p>Com o relat\u00f3rio em m\u00e3os, o colegiado decidir\u00e1 se instaura uma sindic\u00e2ncia interna. Neste caso, Sandra Faraj teria 30 dias para apresentar defesa.<\/p>\n<p>Den\u00fancia<\/p>\n<p>Em 14 de fevereiro, o ex-comissionado de Faraj e s\u00f3cio da Ag\u00eancia de Tecnologia e Comunica\u00e7\u00e3o Netpub, Filipe Nogueira Coimbra, acusou a distrital de desviar parte do valor estabelecido em contrato com a empresa\u00a0 &#8211; um total de R$ 174 mil &#8211; pela presta\u00e7\u00e3o de servi\u00e7os. Segundo a den\u00fancia, apesar de receber o ressarcimento integral do Legislativo local, a parlamentar quitou apenas 10 parcelas de R$ 2.655, ou seja, R$ 26.550, e embolsou o restante dos subs\u00eddios.<\/p>\n<p>Sandra Faraj refuta todas as acusa\u00e7\u00f5es. A parlamentar classifica-se como &#8220;v\u00edtima de uma guerra de revanchismo&#8221;, orquestrada por funcion\u00e1rios exonerados. A distrital contra-argumenta que os valores foram quitados integralmente com dinheiro em esp\u00e9cie, com subs\u00eddios guardados em casa e declarados \u00e0 Receita Federal e ao Tribunal Superior Eleitoral (TSE).<\/p>\n<p>As notas fiscais que atestam os pagamentos est\u00e3o dispon\u00edveis no portal da C\u00e2mara Legislativa. Por\u00e9m, segundo o propriet\u00e1rio da Netpub, os comprovantes eram exigidos por Faraj antes da quita\u00e7\u00e3o das parcelas.<\/p>\n<p>O Minist\u00e9rio P\u00fablico do DF e Territ\u00f3rios (MPDFT) investiga o caso, por meio da Opera\u00e7\u00e3o Hemera, deflagrada na \u00faltima quinta-feira.<\/p>\n","protected":false},"excerpt":{"rendered":"<p>Ana Viriato Testemunha-chave do epis\u00f3dio em que a distrital Sandra Faraj (SD) \u00e9 acusada de embolsar R$ 150 mil em verba indenizat\u00f3ria, Manoel Carneiro prestou esclarecimentos a portas fechadas, nesta quarta-feira (3\/5), ao Corregedor da C\u00e2mara Legislativa, Juarez\u00e3o (PSB). Ap\u00f3s a oitiva, que durou menos de uma hora, o ex-chefe de gabinete da parlamentar saiu por tr\u00e1s da sala onde [&hellip;]<\/p>\n","protected":false},"author":9,"featured_media":8238,"comment_status":"open","ping_status":"closed","sticky":false,"template":"","format":"standard","meta":{"footnotes":""},"categories":[234],"tags":[70,718,717,29,716],"class_list":["post-8269","post","type-post","status-publish","format-standard","has-post-thumbnail","hentry","category-cb-poder","tag-camara-legislativa","tag-corregedoria","tag-manoel-neto","tag-sandra-faraj","tag-testemunha"],"_links":{"self":[{"href":"https:\/\/blogs.correiobraziliense.com.br\/cbpoder\/wp-json\/wp\/v2\/posts\/8269","targetHints":{"allow":["GET"]}}],"collection":[{"href":"https:\/\/blogs.correiobraziliense.com.br\/cbpoder\/wp-json\/wp\/v2\/posts"}],"about":[{"href":"https:\/\/blogs.correiobraziliense.com.br\/cbpoder\/wp-json\/wp\/v2\/types\/post"}],"author":[{"embeddable":true,"href":"https:\/\/blogs.correiobraziliense.com.br\/cbpoder\/wp-json\/wp\/v2\/users\/9"}],"replies":[{"embeddable":true,"href":"https:\/\/blogs.correiobraziliense.com.br\/cbpoder\/wp-json\/wp\/v2\/comments?post=8269"}],"version-history":[{"count":1,"href":"https:\/\/blogs.correiobraziliense.com.br\/cbpoder\/wp-json\/wp\/v2\/posts\/8269\/revisions"}],"predecessor-version":[{"id":8270,"href":"https:\/\/blogs.correiobraziliense.com.br\/cbpoder\/wp-json\/wp\/v2\/posts\/8269\/revisions\/8270"}],"wp:featuredmedia":[{"embeddable":true,"href":"https:\/\/blogs.correiobraziliense.com.br\/cbpoder\/wp-json\/wp\/v2\/media\/8238"}],"wp:attachment":[{"href":"https:\/\/blogs.correiobraziliense.com.br\/cbpoder\/wp-json\/wp\/v2\/media?parent=8269"}],"wp:term":[{"taxonomy":"category","embeddable":true,"href":"https:\/\/blogs.correiobraziliense.com.br\/cbpoder\/wp-json\/wp\/v2\/categories?post=8269"},{"taxonomy":"post_tag","embeddable":true,"href":"https:\/\/blogs.correiobraziliense.com.br\/cbpoder\/wp-json\/wp\/v2\/tags?post=8269"}],"curies":[{"name":"wp","href":"https:\/\/api.w.org\/{rel}","templated":true}]}}