{"id":8265,"date":"2017-05-02T08:24:56","date_gmt":"2017-05-02T11:24:56","guid":{"rendered":"https:\/\/blogs.correiobraziliense.com.br\/cbpoder\/?p=8265"},"modified":"2017-05-02T08:27:46","modified_gmt":"2017-05-02T11:27:46","slug":"investigado-na-operacao-hemera-responde-processo-na-camara","status":"publish","type":"post","link":"https:\/\/blogs.correiobraziliense.com.br\/cbpoder\/investigado-na-operacao-hemera-responde-processo-na-camara\/","title":{"rendered":"Investigado na Opera\u00e7\u00e3o Hemera responde a processo na C\u00e2mara"},"content":{"rendered":"<p>ANA MARIA CAMPOS<\/p>\n<p>Um dos investigados na Opera\u00e7\u00e3o Hemera, Augusto Cezar Bravo foi apontado em tomada de contas especial realizada pela C\u00e2mara Legislativa como respons\u00e1vel pela compra irregular de um equipamento para o Setor de Taquigrafia da Casa por aproximadamente R$ 500 mil.<\/p>\n<p>O resultado da investiga\u00e7\u00e3o interna saiu publicado no Di\u00e1rio da C\u00e2mara em 17 de abril. O sistema comprado da empresa Kenta seria usado para facilitar a transcri\u00e7\u00e3o dos pronunciamentos dos deputados, mas nunca funcionou como previa o contrato, cujo gestor era Augusto Bravo.<\/p>\n<p>O caso veio \u00e0 tona em 2012 quando o atual presidente, Joe Valle (PDT), exercia a fun\u00e7\u00e3o de Terceiro Secret\u00e1rio da Mesa Diretora da C\u00e2mara. A investiga\u00e7\u00e3o foi aberta a pedido dele. Augusto Bravo ainda ter\u00e1 oportunidade de se defender no Tribunal de Contas do DF, mas o processo j\u00e1 est\u00e1 em fase de execu\u00e7\u00e3o na C\u00e2mara.<\/p>\n<p>Experiente<br \/>\nFuncion\u00e1rio da Camara desde 1991, Augusto Bravo \u00e9 experiente e j\u00e1 trabalhou com v\u00e1rios deputados.<\/p>\n<p>Na legislatura passada, era servidor de confian\u00e7a do distrital Aylton Gomes, um dos envolvidos na Opera\u00e7\u00e3o Caixa de Pandora. Foi quando ocorreu a compra do sistema da taquigrafia.<\/p>\n<p>Atualmente, ele est\u00e1 lotado como assessor de Regula\u00e7\u00e3o de Trabalhos Legislativos da Presid\u00eancia da Casa, por indica\u00e7\u00e3o da deputada Sandra Faraj (SD).<\/p>\n<p>Na Opera\u00e7\u00e3o Hemera, ele foi alvo de busca e apreens\u00e3o e condu\u00e7\u00e3o coercitiva por ser respons\u00e1vel pela fiscaliza\u00e7\u00e3o de gastos com a verba indenizat\u00f3ria.<\/p>\n","protected":false},"excerpt":{"rendered":"<p>ANA MARIA CAMPOS Um dos investigados na Opera\u00e7\u00e3o Hemera, Augusto Cezar Bravo foi apontado em tomada de contas especial realizada pela C\u00e2mara Legislativa como respons\u00e1vel pela compra irregular de um equipamento para o Setor de Taquigrafia da Casa por aproximadamente R$ 500 mil. O resultado da investiga\u00e7\u00e3o interna saiu publicado no Di\u00e1rio da C\u00e2mara em 17 de abril. O sistema [&hellip;]<\/p>\n","protected":false},"author":9,"featured_media":8267,"comment_status":"open","ping_status":"closed","sticky":false,"template":"","format":"standard","meta":{"footnotes":""},"categories":[234],"tags":[713,714,715,697],"class_list":["post-8265","post","type-post","status-publish","format-standard","has-post-thumbnail","hentry","category-cb-poder","tag-augusto-bravo","tag-deputada-sandra-faraj","tag-ministerio-publico-do-distrito-federal","tag-operacao-hemera"],"_links":{"self":[{"href":"https:\/\/blogs.correiobraziliense.com.br\/cbpoder\/wp-json\/wp\/v2\/posts\/8265","targetHints":{"allow":["GET"]}}],"collection":[{"href":"https:\/\/blogs.correiobraziliense.com.br\/cbpoder\/wp-json\/wp\/v2\/posts"}],"about":[{"href":"https:\/\/blogs.correiobraziliense.com.br\/cbpoder\/wp-json\/wp\/v2\/types\/post"}],"author":[{"embeddable":true,"href":"https:\/\/blogs.correiobraziliense.com.br\/cbpoder\/wp-json\/wp\/v2\/users\/9"}],"replies":[{"embeddable":true,"href":"https:\/\/blogs.correiobraziliense.com.br\/cbpoder\/wp-json\/wp\/v2\/comments?post=8265"}],"version-history":[{"count":1,"href":"https:\/\/blogs.correiobraziliense.com.br\/cbpoder\/wp-json\/wp\/v2\/posts\/8265\/revisions"}],"predecessor-version":[{"id":8266,"href":"https:\/\/blogs.correiobraziliense.com.br\/cbpoder\/wp-json\/wp\/v2\/posts\/8265\/revisions\/8266"}],"wp:featuredmedia":[{"embeddable":true,"href":"https:\/\/blogs.correiobraziliense.com.br\/cbpoder\/wp-json\/wp\/v2\/media\/8267"}],"wp:attachment":[{"href":"https:\/\/blogs.correiobraziliense.com.br\/cbpoder\/wp-json\/wp\/v2\/media?parent=8265"}],"wp:term":[{"taxonomy":"category","embeddable":true,"href":"https:\/\/blogs.correiobraziliense.com.br\/cbpoder\/wp-json\/wp\/v2\/categories?post=8265"},{"taxonomy":"post_tag","embeddable":true,"href":"https:\/\/blogs.correiobraziliense.com.br\/cbpoder\/wp-json\/wp\/v2\/tags?post=8265"}],"curies":[{"name":"wp","href":"https:\/\/api.w.org\/{rel}","templated":true}]}}