{"id":8253,"date":"2017-05-01T20:35:24","date_gmt":"2017-05-01T23:35:24","guid":{"rendered":"https:\/\/blogs.correiobraziliense.com.br\/cbpoder\/?p=8253"},"modified":"2017-05-01T20:35:24","modified_gmt":"2017-05-01T23:35:24","slug":"emendas-vao-alterar-projeto-dos-supersalarios","status":"publish","type":"post","link":"https:\/\/blogs.correiobraziliense.com.br\/cbpoder\/emendas-vao-alterar-projeto-dos-supersalarios\/","title":{"rendered":"C\u00e2mara deve aprovar projeto dos supersal\u00e1rios com emendas"},"content":{"rendered":"<p>Ana Viriato<\/p>\n<p>O fim dos supersal\u00e1rios no funcionalismo do Distrito Federal deve voltar ao centro dos debates da C\u00e2mara Legislativa nesta semana. O distrital Rob\u00e9rio Negreiros, relator da mat\u00e9ria na Comiss\u00e3o Especial de Propostas de Emendas \u00e0 Lei Org\u00e2nica (Cepelo), encaminhou a sugest\u00e3o de estabelecimento de prazos para a aprova\u00e7\u00e3o do projeto em segundo turno ao presidente da Casa, Joe Valle (PDT). No of\u00edcio, o deputado pede que todas as emendas sejam entregues na quinta-feira (04\/05), para que a vota\u00e7\u00e3o final ocorra em 9 de maio.<\/p>\n<p>A iniciativa \u00e9 considerada necess\u00e1ria pelo deputado para garantir uma an\u00e1lise minuciosa de todas as op\u00e7\u00f5es em jogo. \u201cTrata-se de um projeto complexo, que atinge servidores\u201d, ressalta o parlamentar em carta.<\/p>\n<p>A proposta que designa o teto constitucional, de R$ 30.741, aos vencimentos de funcion\u00e1rios de empresas p\u00fablicas e de sociedade mista da capital recebeu o aval dos distritais em primeiro turno, no \u00faltimo dia 4. A aprova\u00e7\u00e3o ocorreu com costuras pol\u00edticas e folga no placar no mesmo dia em que o projeto passou pelo crivo inicial da Comiss\u00e3o de Constitui\u00e7\u00e3o e Justi\u00e7a (CCJ) e da Cepelo.<\/p>\n<p>O texto aprovado foi um substitutivo apresentado pelo deputado Reginaldo Veras (PDT), relator da proposta na CCJ. O projeto \u00e9 id\u00eantico \u00e0 iniciativa do governo, mas acrescenta um prazo de 90 dias para a adequa\u00e7\u00e3o das estatais \u00e0 nova resolu\u00e7\u00e3o.<\/p>\n<p>Naquele dia, por\u00e9m, os parlamentares deixaram para depois a an\u00e1lise das emendas, que, segundo o pr\u00f3prio colegiado, s\u00e3o imprescind\u00edveis para a garantia de salvaguardas contra a\u00e7\u00f5es judiciais. A estimativa \u00e9 de que o projeto receba pelo menos seis modifica\u00e7\u00f5es. Entre elas, as sugeridas pelo substitutivo do PT, que garante exce\u00e7\u00f5es ao c\u00e1lculo do teto.<\/p>\n<p>A proposta petista retira do c\u00e1lculo do teto parcelas relativas a 13\u00ba sal\u00e1rio, adiantamento e adicional de f\u00e9rias, aux\u00edlio-alimenta\u00e7\u00e3o e similares (leia quadro). O projeto opcional tamb\u00e9m aplica exce\u00e7\u00f5es aos acordos firmados entre empresas e funcion\u00e1rios, sem especific\u00e1-los.<\/p>\n<p>O alto escal\u00e3o do governo tamb\u00e9m est\u00e1 na mira das emendas elaboradas por distritais. Uma das modifica\u00e7\u00f5es propostas por Rob\u00e9rio Negreiros prev\u00ea que as parcelas referentes \u00e0 gratifica\u00e7\u00e3o pela representa\u00e7\u00e3o de servidores do GDF em reuni\u00f5es, audi\u00eancias, conselhos e similares \u2014 os jetons \u2014 devem ser inclu\u00eddas no c\u00e1lculo do teto.<\/p>\n<p>Salvaguardas em pauta<br \/>\nO substitutivo do PT prev\u00ea exce\u00e7\u00f5es ao c\u00e1lculo do teto salarial. S\u00e3o elas:<\/p>\n<p>\u00bb 13\u00ba sal\u00e1rio;<br \/>\n\u00bb Adiantamento de f\u00e9rias;<br \/>\n\u00bb Adicional de f\u00e9rias;<br \/>\n\u00bb Aux\u00edlio-natalidade;<br \/>\n\u00bb Aux\u00edlio pr\u00e9-escolar;<br \/>\n\u00bb Aux\u00edlio-alimenta\u00e7\u00e3o;<br \/>\n\u00bb Aux\u00edlio-sa\u00fade;<br \/>\n\u00bb Parcelas definidas em lei com car\u00e1ter indenizat\u00f3rio.<\/p>\n","protected":false},"excerpt":{"rendered":"<p>Ana Viriato O fim dos supersal\u00e1rios no funcionalismo do Distrito Federal deve voltar ao centro dos debates da C\u00e2mara Legislativa nesta semana. O distrital Rob\u00e9rio Negreiros, relator da mat\u00e9ria na Comiss\u00e3o Especial de Propostas de Emendas \u00e0 Lei Org\u00e2nica (Cepelo), encaminhou a sugest\u00e3o de estabelecimento de prazos para a aprova\u00e7\u00e3o do projeto em segundo turno ao presidente da Casa, Joe [&hellip;]<\/p>\n","protected":false},"author":9,"featured_media":8254,"comment_status":"open","ping_status":"closed","sticky":false,"template":"","format":"standard","meta":{"footnotes":""},"categories":[234],"tags":[70,707,665,706],"class_list":["post-8253","post","type-post","status-publish","format-standard","has-post-thumbnail","hentry","category-cb-poder","tag-camara-legislativa","tag-empresas-publicas","tag-roberio-negreiros","tag-supersalarios"],"_links":{"self":[{"href":"https:\/\/blogs.correiobraziliense.com.br\/cbpoder\/wp-json\/wp\/v2\/posts\/8253","targetHints":{"allow":["GET"]}}],"collection":[{"href":"https:\/\/blogs.correiobraziliense.com.br\/cbpoder\/wp-json\/wp\/v2\/posts"}],"about":[{"href":"https:\/\/blogs.correiobraziliense.com.br\/cbpoder\/wp-json\/wp\/v2\/types\/post"}],"author":[{"embeddable":true,"href":"https:\/\/blogs.correiobraziliense.com.br\/cbpoder\/wp-json\/wp\/v2\/users\/9"}],"replies":[{"embeddable":true,"href":"https:\/\/blogs.correiobraziliense.com.br\/cbpoder\/wp-json\/wp\/v2\/comments?post=8253"}],"version-history":[{"count":1,"href":"https:\/\/blogs.correiobraziliense.com.br\/cbpoder\/wp-json\/wp\/v2\/posts\/8253\/revisions"}],"predecessor-version":[{"id":8255,"href":"https:\/\/blogs.correiobraziliense.com.br\/cbpoder\/wp-json\/wp\/v2\/posts\/8253\/revisions\/8255"}],"wp:featuredmedia":[{"embeddable":true,"href":"https:\/\/blogs.correiobraziliense.com.br\/cbpoder\/wp-json\/wp\/v2\/media\/8254"}],"wp:attachment":[{"href":"https:\/\/blogs.correiobraziliense.com.br\/cbpoder\/wp-json\/wp\/v2\/media?parent=8253"}],"wp:term":[{"taxonomy":"category","embeddable":true,"href":"https:\/\/blogs.correiobraziliense.com.br\/cbpoder\/wp-json\/wp\/v2\/categories?post=8253"},{"taxonomy":"post_tag","embeddable":true,"href":"https:\/\/blogs.correiobraziliense.com.br\/cbpoder\/wp-json\/wp\/v2\/tags?post=8253"}],"curies":[{"name":"wp","href":"https:\/\/api.w.org\/{rel}","templated":true}]}}