{"id":8233,"date":"2017-04-27T08:29:35","date_gmt":"2017-04-27T11:29:35","guid":{"rendered":"https:\/\/blogs.correiobraziliense.com.br\/cbpoder\/?p=8233"},"modified":"2017-04-27T09:16:12","modified_gmt":"2017-04-27T12:16:12","slug":"deputada-sandra-faraj-e-irmao-sao-alvos-de-busca-e-apreensao","status":"publish","type":"post","link":"https:\/\/blogs.correiobraziliense.com.br\/cbpoder\/deputada-sandra-faraj-e-irmao-sao-alvos-de-busca-e-apreensao\/","title":{"rendered":"Deputada Sandra Faraj e irm\u00e3o s\u00e3o alvos de busca e apreens\u00e3o"},"content":{"rendered":"<p>ANA MARIA CAMPOS<\/p>\n<p>Promotores de Justi\u00e7a do Minist\u00e9rio P\u00fablico do DF cumprem nesta manh\u00e3 (27\/04) 8 mandados de busca e apreens\u00e3o e 4 mandados de condu\u00e7\u00e3o coercitiva, no \u00e2mbito da Opera\u00e7\u00e3o Hem\u00e9ra (origem na mitologia grega, a deusa da mentira).<\/p>\n<p>Os alvos da opera\u00e7\u00e3o s\u00e3o a \u00a0deputada Sandra Faraj (SD); o suplente de senador do DF e pastor evang\u00e9lico da igreja Minist\u00e9rio da F\u00e9, Fadi Faraj, e servidores comissionados do gabinete.<\/p>\n<p>S\u00e3o cumpridas buscas na casa da distrital e em seu gabinete na C\u00e2mara Legislativa e no escrit\u00f3rio administrativo da Igreja Minist\u00e9rio da F\u00e9.<\/p>\n<p>A deputada e o pastor, que s\u00e3o irm\u00e3os, s\u00e3o suspeitos de comandar esquema de corrup\u00e7\u00e3o envolvendo cobran\u00e7a de um ter\u00e7o dos sal\u00e1rios de servidores comissionados que nomearam para cargos da C\u00e2mara, Secretaria de Justi\u00e7a e administra\u00e7\u00e3o regional de Taguatinga.<\/p>\n<p>Al\u00e9m disso, Sandra Faraj \u00e9 suspeita de fraudar notas fiscais e assinaturas para recebimento de reembolso de R$ 150 mil junto \u00e0 C\u00e2mara Legislativa por servi\u00e7os de publicidade e inform\u00e1tica que foram prestados para seu gabinete, mas que n\u00e3o teriam sido pagos pela deputada \u00e0 empresa Netpub Ltda.<\/p>\n<p>Sandra e seu irm\u00e3o s\u00e3o investigados tamb\u00e9m por supostamente terem amea\u00e7ado testemunhas da investiga\u00e7\u00e3o do Minist\u00e9rio P\u00fablico em uma reuni\u00e3o secreta convocada num fim de semana em um col\u00e9gio, em que divulgaram v\u00eddeo com amea\u00e7as e disseram que iriam &#8220;destruir as testemunhas&#8221;.<\/p>\n<p>A investiga\u00e7\u00e3o \u00e9 da vice-procuradoria-geral de Justi\u00e7a do DF. A autoriza\u00e7\u00e3o da opera\u00e7\u00e3o foi tomada pelo Conselho Especial do Tribunal de Justi\u00e7a do DF.<\/p>\n<p>Os crimes investigados s\u00e3o de corrup\u00e7\u00e3o, falsidade ideol\u00f3gica e uso de documento falso, al\u00e9m da coa\u00e7\u00e3o no curso do processo, penas que, somadas, ultrapassam os 20 anos de reclus\u00e3o e levam \u00e0 perda do cargo p\u00fablico.<\/p>\n<p>Procurado, o MPDFT informou pela assessoria de imprensa que a investiga\u00e7\u00e3o se encontra em curso e que h\u00e1 medidas cautelares pendentes, portanto, n\u00e3o se pronunciar\u00e1 no momento.<\/p>\n","protected":false},"excerpt":{"rendered":"<p>ANA MARIA CAMPOS Promotores de Justi\u00e7a do Minist\u00e9rio P\u00fablico do DF cumprem nesta manh\u00e3 (27\/04) 8 mandados de busca e apreens\u00e3o e 4 mandados de condu\u00e7\u00e3o coercitiva, no \u00e2mbito da Opera\u00e7\u00e3o Hem\u00e9ra (origem na mitologia grega, a deusa da mentira). Os alvos da opera\u00e7\u00e3o s\u00e3o a \u00a0deputada Sandra Faraj (SD); o suplente de senador do DF e pastor evang\u00e9lico da [&hellip;]<\/p>\n","protected":false},"author":9,"featured_media":8238,"comment_status":"open","ping_status":"closed","sticky":false,"template":"","format":"standard","meta":{"footnotes":""},"categories":[234],"tags":[696,697,29],"class_list":["post-8233","post","type-post","status-publish","format-standard","has-post-thumbnail","hentry","category-cb-poder","tag-fadi-faraj","tag-operacao-hemera","tag-sandra-faraj"],"_links":{"self":[{"href":"https:\/\/blogs.correiobraziliense.com.br\/cbpoder\/wp-json\/wp\/v2\/posts\/8233","targetHints":{"allow":["GET"]}}],"collection":[{"href":"https:\/\/blogs.correiobraziliense.com.br\/cbpoder\/wp-json\/wp\/v2\/posts"}],"about":[{"href":"https:\/\/blogs.correiobraziliense.com.br\/cbpoder\/wp-json\/wp\/v2\/types\/post"}],"author":[{"embeddable":true,"href":"https:\/\/blogs.correiobraziliense.com.br\/cbpoder\/wp-json\/wp\/v2\/users\/9"}],"replies":[{"embeddable":true,"href":"https:\/\/blogs.correiobraziliense.com.br\/cbpoder\/wp-json\/wp\/v2\/comments?post=8233"}],"version-history":[{"count":7,"href":"https:\/\/blogs.correiobraziliense.com.br\/cbpoder\/wp-json\/wp\/v2\/posts\/8233\/revisions"}],"predecessor-version":[{"id":8242,"href":"https:\/\/blogs.correiobraziliense.com.br\/cbpoder\/wp-json\/wp\/v2\/posts\/8233\/revisions\/8242"}],"wp:featuredmedia":[{"embeddable":true,"href":"https:\/\/blogs.correiobraziliense.com.br\/cbpoder\/wp-json\/wp\/v2\/media\/8238"}],"wp:attachment":[{"href":"https:\/\/blogs.correiobraziliense.com.br\/cbpoder\/wp-json\/wp\/v2\/media?parent=8233"}],"wp:term":[{"taxonomy":"category","embeddable":true,"href":"https:\/\/blogs.correiobraziliense.com.br\/cbpoder\/wp-json\/wp\/v2\/categories?post=8233"},{"taxonomy":"post_tag","embeddable":true,"href":"https:\/\/blogs.correiobraziliense.com.br\/cbpoder\/wp-json\/wp\/v2\/tags?post=8233"}],"curies":[{"name":"wp","href":"https:\/\/api.w.org\/{rel}","templated":true}]}}