{"id":8123,"date":"2017-04-12T12:02:12","date_gmt":"2017-04-12T15:02:12","guid":{"rendered":"https:\/\/blogs.correiobraziliense.com.br\/cbpoder\/?p=8123"},"modified":"2017-04-12T12:02:12","modified_gmt":"2017-04-12T15:02:12","slug":"rollemberg-exonera-indicados-por-claudio-abrantes","status":"publish","type":"post","link":"https:\/\/blogs.correiobraziliense.com.br\/cbpoder\/rollemberg-exonera-indicados-por-claudio-abrantes\/","title":{"rendered":"Rollemberg retalia obstru\u00e7\u00e3o na C\u00e2mara e exonera indicados por Cl\u00e1udio Abrantes"},"content":{"rendered":"<p>O governador Rodrigo Rollemberg (PSB) retaliou o deputado Cl\u00e1udio Abrantes (Rede) pela obstru\u00e7\u00e3o adotada pelo parlamentar na C\u00e2mara Legislativa em protesto pela falta de proposta salarial para a Pol\u00edcia Civil do DF.<\/p>\n<p>Rollemberg exonerou o diretor de Regulariza\u00e7\u00e3o de Interesse Social da Companhia de Desenvolvimento Habitacional (Codhab), Marcus Palombo, e outros tr\u00eas servidores do \u00f3rg\u00e3o, indicados por Cl\u00e1udio Abrantes.<\/p>\n<p>A medida revela a indigna\u00e7\u00e3o de Rollemberg com a postura dos deputados que t\u00eam se recusado a votar remanejamentos or\u00e7ament\u00e1rios necess\u00e1rios para pagamentos de despesas do governo. Al\u00e9m de Abrantes, distritais do PMDB, PDT, PV e Wasny de Roure (PT) est\u00e3o em obstru\u00e7\u00e3o em defesa da Pol\u00edcia Civil.<\/p>\n<p>Abrantes foi p\u00eago de surpresa nesta manh\u00e3 (12\/04) com as exonera\u00e7\u00f5es que sa\u00edram no Di\u00e1rio Oficial do DF. Ele diz que lamenta a repres\u00e1lia e se sente constrangido pela medida. &#8220;N\u00e3o foi uma indica\u00e7\u00e3o por emprego. O Palombo estava realizando um importante trabalho na regulariza\u00e7\u00e3o de \u00e1reas de interesse social, inclusive com elogios do (Gilson) Paranhos, diretor-geral da Codhab&#8221;, afirma o distrital.<\/p>\n<p>Cl\u00e1udio Abrantes conta que uma das servidoras exoneradas est\u00e1 gr\u00e1vida. &#8220;Estou agindo em defesa da minha categoria, a Pol\u00edcia Civil. O governador fez um acordo de apresentar uma proposta e descumpriu&#8221;, reclama o distrital.<\/p>\n<p>Em v\u00e1rias \u00e1reas, o governo est\u00e1 parado por dificuldades em aprovar os cr\u00e9ditos na C\u00e2mara Legislativa. Segundo Abrantes, h\u00e1 um acordo para votar hoje. &#8220;N\u00e3o vou mudar minha postura. Mas fica cada vez mais dif\u00edcil apoiar um governo com esses m\u00e9todos&#8221;, afirma o distrital.<\/p>\n<p>Segundo integrantes do governo, esse \u00e9 o novo estilo de Rollemberg. Ele n\u00e3o vai mais aceitar o que considera deslealdades na base governista na C\u00e2mara Legislativa. Outros deputados devem sofrer a mesma retalia\u00e7\u00e3o.<\/p>\n<p>&nbsp;<\/p>\n","protected":false},"excerpt":{"rendered":"<p>O governador Rodrigo Rollemberg (PSB) retaliou o deputado Cl\u00e1udio Abrantes (Rede) pela obstru\u00e7\u00e3o adotada pelo parlamentar na C\u00e2mara Legislativa em protesto pela falta de proposta salarial para a Pol\u00edcia Civil do DF. Rollemberg exonerou o diretor de Regulariza\u00e7\u00e3o de Interesse Social da Companhia de Desenvolvimento Habitacional (Codhab), Marcus Palombo, e outros tr\u00eas servidores do \u00f3rg\u00e3o, indicados por Cl\u00e1udio Abrantes. A [&hellip;]<\/p>\n","protected":false},"author":9,"featured_media":8127,"comment_status":"open","ping_status":"closed","sticky":false,"template":"","format":"standard","meta":{"footnotes":""},"categories":[234],"tags":[233,670,102],"class_list":["post-8123","post","type-post","status-publish","format-standard","has-post-thumbnail","hentry","category-cb-poder","tag-claudio-abrantes","tag-obstrucao","tag-policia-civil"],"_links":{"self":[{"href":"https:\/\/blogs.correiobraziliense.com.br\/cbpoder\/wp-json\/wp\/v2\/posts\/8123","targetHints":{"allow":["GET"]}}],"collection":[{"href":"https:\/\/blogs.correiobraziliense.com.br\/cbpoder\/wp-json\/wp\/v2\/posts"}],"about":[{"href":"https:\/\/blogs.correiobraziliense.com.br\/cbpoder\/wp-json\/wp\/v2\/types\/post"}],"author":[{"embeddable":true,"href":"https:\/\/blogs.correiobraziliense.com.br\/cbpoder\/wp-json\/wp\/v2\/users\/9"}],"replies":[{"embeddable":true,"href":"https:\/\/blogs.correiobraziliense.com.br\/cbpoder\/wp-json\/wp\/v2\/comments?post=8123"}],"version-history":[{"count":3,"href":"https:\/\/blogs.correiobraziliense.com.br\/cbpoder\/wp-json\/wp\/v2\/posts\/8123\/revisions"}],"predecessor-version":[{"id":8128,"href":"https:\/\/blogs.correiobraziliense.com.br\/cbpoder\/wp-json\/wp\/v2\/posts\/8123\/revisions\/8128"}],"wp:featuredmedia":[{"embeddable":true,"href":"https:\/\/blogs.correiobraziliense.com.br\/cbpoder\/wp-json\/wp\/v2\/media\/8127"}],"wp:attachment":[{"href":"https:\/\/blogs.correiobraziliense.com.br\/cbpoder\/wp-json\/wp\/v2\/media?parent=8123"}],"wp:term":[{"taxonomy":"category","embeddable":true,"href":"https:\/\/blogs.correiobraziliense.com.br\/cbpoder\/wp-json\/wp\/v2\/categories?post=8123"},{"taxonomy":"post_tag","embeddable":true,"href":"https:\/\/blogs.correiobraziliense.com.br\/cbpoder\/wp-json\/wp\/v2\/tags?post=8123"}],"curies":[{"name":"wp","href":"https:\/\/api.w.org\/{rel}","templated":true}]}}