{"id":8101,"date":"2017-04-11T07:30:08","date_gmt":"2017-04-11T10:30:08","guid":{"rendered":"https:\/\/blogs.correiobraziliense.com.br\/cbpoder\/?p=8101"},"modified":"2017-04-10T19:33:50","modified_gmt":"2017-04-10T22:33:50","slug":"sindicatos-vencem-eleicao-no-pt","status":"publish","type":"post","link":"https:\/\/blogs.correiobraziliense.com.br\/cbpoder\/sindicatos-vencem-eleicao-no-pt\/","title":{"rendered":"Sindicatos vencem elei\u00e7\u00e3o no PT e devem eleger novo presidente do partido"},"content":{"rendered":"<div>ANA MARIA CAMPOS<\/div>\n<div><\/div>\n<div>O sindicalismo venceu o PED (Processo de Elei\u00e7\u00e3o Direta) do PT, realizado no \u00faltimo fim de semana. O partido se reuniu para eleger delegados que v\u00e3o escolher, em sete de maio, o novo presidente regional da legenda.<\/div>\n<div><\/div>\n<div>Apoiada pelo deputado distrital Chico Vigilante e pela deputada federal \u00c9rika Kokay, a chapa 499, da Articula\u00e7\u00e3o Unidade na Luta, ficou em primeiro lugar, com 27,94% dos votos. Em seguida, a chapa 400, que representa o atual presidente, Roberto Policarpo, o ex-secret\u00e1rio de Administra\u00e7\u00e3o Vilmar Lacerda e o sindicalista C\u00edcero Rola, com 22,65% dos votos ficou em segunda lugar.<\/div>\n<div><\/div>\n<div>Juntas, as duas chapas podem dar os rumos da legenda em 2018. Pelo perfil, ser\u00e1 um PT anti-Rodrigo Rollemberg (PSB), principalmente pela posi\u00e7\u00e3o de enfrentamento entre governo e sindicatos de servidores p\u00fablicos do DF. Parte da diretoria do Sinpro integra a chapa vitoriosa no PED.<\/div>\n<div><\/div>\n<div>Em todo o pa\u00eds, cerca de 200 mil militantes participaram das escolhas nos estados. No Distrito Federal, 4,1 mil filiados votaram.<\/div>\n<div><\/div>\n<div>Futuro presidente<\/div>\n<div>O atual presidente do PT-DF, Roberto Policarpo, n\u00e3o pode concorrer \u00e0 reelei\u00e7\u00e3o porque j\u00e1 est\u00e1 no segundo mandato, conforme estabelecem as regras do partido. Por ora, ningu\u00e9m assumiu candidatura oficialmente. Os nomes cotados s\u00e3o os das ex-deputada Arlete Sampaio e Rejane Pitanga e do ex-presidente da CUT Jacy Afonso.<\/div>\n<div><\/div>\n<div>Prepara\u00e7\u00e3o para 2018<\/div>\n<div>Em maio, os petistas tamb\u00e9m v\u00e3o eleger os delegados que participar\u00e3o do congresso nacional do partido. Os senadores Lindberg Farias (PT-RJ) e Gleisi Roffman (PT-PR) s\u00e3o os nomes cotados para a disputa pela Presid\u00eancia nacional. O encontro vai definir os rumos da legenda para 2018. Lula deve lan\u00e7ar candidatura para um terceiro mandato no Pal\u00e1cio do Planalto. Mas muita gente no PT duvida de que seja para valer.<\/div>\n<div><\/div>\n<div>Fator petista<\/div>\n<div>Mesmo abatido pelo impeachment da presidente Dilma Rousseff e pela repercuss\u00e3o negativa do governo de Agnelo Queiroz, os petistas s\u00e3o considerados uma for\u00e7a pol\u00edtica que n\u00e3o pode ser desprezada.<\/div>\n<div><\/div>\n<div>Pesquisas de advers\u00e1rios do PT apontam que a legenda ainda re\u00fane, pelo menos, 15% do eleitorado. Mas \u00e9 uma companhia que muita gente pode querer esconder na campanha de 2018. Apesar de manter eleitores cativos, o partido de Lula enfrenta grande rejei\u00e7\u00e3o no Distrito Federal.<\/div>\n","protected":false},"excerpt":{"rendered":"<p>ANA MARIA CAMPOS O sindicalismo venceu o PED (Processo de Elei\u00e7\u00e3o Direta) do PT, realizado no \u00faltimo fim de semana. O partido se reuniu para eleger delegados que v\u00e3o escolher, em sete de maio, o novo presidente regional da legenda. Apoiada pelo deputado distrital Chico Vigilante e pela deputada federal \u00c9rika Kokay, a chapa 499, da Articula\u00e7\u00e3o Unidade na Luta, [&hellip;]<\/p>\n","protected":false},"author":9,"featured_media":8102,"comment_status":"open","ping_status":"closed","sticky":false,"template":"","format":"standard","meta":{"footnotes":""},"categories":[234],"tags":[192,661,659,290,662,660],"class_list":["post-8101","post","type-post","status-publish","format-standard","has-post-thumbnail","hentry","category-cb-poder","tag-chico-vigilante","tag-erika-kokay","tag-ped","tag-pt","tag-roberto-policarpo","tag-sindicatos"],"_links":{"self":[{"href":"https:\/\/blogs.correiobraziliense.com.br\/cbpoder\/wp-json\/wp\/v2\/posts\/8101","targetHints":{"allow":["GET"]}}],"collection":[{"href":"https:\/\/blogs.correiobraziliense.com.br\/cbpoder\/wp-json\/wp\/v2\/posts"}],"about":[{"href":"https:\/\/blogs.correiobraziliense.com.br\/cbpoder\/wp-json\/wp\/v2\/types\/post"}],"author":[{"embeddable":true,"href":"https:\/\/blogs.correiobraziliense.com.br\/cbpoder\/wp-json\/wp\/v2\/users\/9"}],"replies":[{"embeddable":true,"href":"https:\/\/blogs.correiobraziliense.com.br\/cbpoder\/wp-json\/wp\/v2\/comments?post=8101"}],"version-history":[{"count":1,"href":"https:\/\/blogs.correiobraziliense.com.br\/cbpoder\/wp-json\/wp\/v2\/posts\/8101\/revisions"}],"predecessor-version":[{"id":8103,"href":"https:\/\/blogs.correiobraziliense.com.br\/cbpoder\/wp-json\/wp\/v2\/posts\/8101\/revisions\/8103"}],"wp:featuredmedia":[{"embeddable":true,"href":"https:\/\/blogs.correiobraziliense.com.br\/cbpoder\/wp-json\/wp\/v2\/media\/8102"}],"wp:attachment":[{"href":"https:\/\/blogs.correiobraziliense.com.br\/cbpoder\/wp-json\/wp\/v2\/media?parent=8101"}],"wp:term":[{"taxonomy":"category","embeddable":true,"href":"https:\/\/blogs.correiobraziliense.com.br\/cbpoder\/wp-json\/wp\/v2\/categories?post=8101"},{"taxonomy":"post_tag","embeddable":true,"href":"https:\/\/blogs.correiobraziliense.com.br\/cbpoder\/wp-json\/wp\/v2\/tags?post=8101"}],"curies":[{"name":"wp","href":"https:\/\/api.w.org\/{rel}","templated":true}]}}