{"id":8098,"date":"2017-04-11T06:00:42","date_gmt":"2017-04-11T09:00:42","guid":{"rendered":"https:\/\/blogs.correiobraziliense.com.br\/cbpoder\/?p=8098"},"modified":"2017-04-10T19:34:25","modified_gmt":"2017-04-10T22:34:25","slug":"gim-sera-julgado-por-contratos-na-cldf","status":"publish","type":"post","link":"https:\/\/blogs.correiobraziliense.com.br\/cbpoder\/gim-sera-julgado-por-contratos-na-cldf\/","title":{"rendered":"Gim ser\u00e1 julgado por contratos de inform\u00e1tica da C\u00e2mara Legislativa"},"content":{"rendered":"<div>\u00a0ANA MARIA CAMPOS<\/div>\n<div><\/div>\n<div>Condenado a 19 anos de pris\u00e3o pelo juiz S\u00e9rgio Moro, o ex-senador Gim Argello ser\u00e1 julgado pelo Tribunal de Justi\u00e7a do DF por crimes que teria cometido entre 2001 e 2002, quando esteve no comando da C\u00e2mara Legislativa.<\/div>\n<div><\/div>\n<div>Gim e o ex-deputado Ben\u00edcio Tavares foram denunciados por fraude a licita\u00e7\u00e3o e peculato na contrata\u00e7\u00e3o de servi\u00e7os de inform\u00e1tica.<\/div>\n<div><\/div>\n<div>O processo ficou parado entre 2008 e 2015 no Supremo Tribunal Federal, quando Gim, como senador, tinha foro especial. Com o fim do mandato, o processo voltou a tramitar.<\/div>\n<div><\/div>\n<div>Na primeira inst\u00e2ncia, o juiz Luis Eduardo Yatsuda Arima, da 2\u00aa Vara Criminal de Bras\u00edlia, alegou prescri\u00e7\u00e3o. Mas essa decis\u00e3o foi derrubada por unanimidade pela 2\u00aa Vara Criminal do Tribunal de Justi\u00e7a do DF.<\/div>\n<div><\/div>\n<div>Na \u00faltima sexta-feira, o Superior Tribunal de Justi\u00e7a (STJ) n\u00e3o admitiu o recurso do ex-senador. Agora, o caso ser\u00e1 analisado pelo Judici\u00e1rio local.<\/div>\n<div><\/div>\n<div>Segundo a den\u00fancia, Gim e Ben\u00edcio teriam dispensado indevidamente a licita\u00e7\u00e3o de aluguel de computadores para a C\u00e2mara, num contrato de R$ 5,9 milh\u00f5es. Cinco meses antes do t\u00e9rmino, o contrato de aluguel foi rescindido com o pagamento de indeniza\u00e7\u00e3o de R$ 746.785,75 \u00e0 empresa CTIS, para que os equipamentos ficassem com a C\u00e2mara. Para o Minist\u00e9rio P\u00fablico, essa opera\u00e7\u00e3o teria configurado uma compra direta.<\/div>\n<div><\/div>\n<div>Um ano no xadrez<\/div>\n<div>A pris\u00e3o do ex-senador Gim Argello na Opera\u00e7\u00e3o \u201cVit\u00f3ria de Pirro\u201d, um dos desdobramentos da Lava-Jato, completa um ano amanh\u00e3 (12\/04). Nesse per\u00edodo, ele foi julgado e condenado pelos crimes de corrup\u00e7\u00e3o passiva, lavagem de dinheiro e obstru\u00e7\u00e3o a investiga\u00e7\u00e3o de organiza\u00e7\u00e3o criminosa.<\/div>\n<div><\/div>\n<div><a href=\"http:\/\/www.correiobraziliense.com.br\/app\/noticia\/politica\/2016\/10\/13\/internas_polbraeco,553039\/ex-senador-gim-argello-e-condenado-a-19-anos-de-prisao-na-lava-jato.shtml\">Na senten\u00e7a<\/a>, Moro considerou que havia provas de que Gim cobrou propina de executivos de empresas investigadas na CPI da Petrobras para evitar que fossem intimados a prestar depoimento no Congresso.<\/div>\n<div><\/div>\n<div><\/div>\n","protected":false},"excerpt":{"rendered":"<p>\u00a0ANA MARIA CAMPOS Condenado a 19 anos de pris\u00e3o pelo juiz S\u00e9rgio Moro, o ex-senador Gim Argello ser\u00e1 julgado pelo Tribunal de Justi\u00e7a do DF por crimes que teria cometido entre 2001 e 2002, quando esteve no comando da C\u00e2mara Legislativa. Gim e o ex-deputado Ben\u00edcio Tavares foram denunciados por fraude a licita\u00e7\u00e3o e peculato na contrata\u00e7\u00e3o de servi\u00e7os de [&hellip;]<\/p>\n","protected":false},"author":9,"featured_media":8099,"comment_status":"open","ping_status":"closed","sticky":false,"template":"","format":"standard","meta":{"footnotes":""},"categories":[234],"tags":[657,658,617,470],"class_list":["post-8098","post","type-post","status-publish","format-standard","has-post-thumbnail","hentry","category-cb-poder","tag-benicio","tag-computadores","tag-gim","tag-tribunal-de-justica-do-df"],"_links":{"self":[{"href":"https:\/\/blogs.correiobraziliense.com.br\/cbpoder\/wp-json\/wp\/v2\/posts\/8098","targetHints":{"allow":["GET"]}}],"collection":[{"href":"https:\/\/blogs.correiobraziliense.com.br\/cbpoder\/wp-json\/wp\/v2\/posts"}],"about":[{"href":"https:\/\/blogs.correiobraziliense.com.br\/cbpoder\/wp-json\/wp\/v2\/types\/post"}],"author":[{"embeddable":true,"href":"https:\/\/blogs.correiobraziliense.com.br\/cbpoder\/wp-json\/wp\/v2\/users\/9"}],"replies":[{"embeddable":true,"href":"https:\/\/blogs.correiobraziliense.com.br\/cbpoder\/wp-json\/wp\/v2\/comments?post=8098"}],"version-history":[{"count":2,"href":"https:\/\/blogs.correiobraziliense.com.br\/cbpoder\/wp-json\/wp\/v2\/posts\/8098\/revisions"}],"predecessor-version":[{"id":8104,"href":"https:\/\/blogs.correiobraziliense.com.br\/cbpoder\/wp-json\/wp\/v2\/posts\/8098\/revisions\/8104"}],"wp:featuredmedia":[{"embeddable":true,"href":"https:\/\/blogs.correiobraziliense.com.br\/cbpoder\/wp-json\/wp\/v2\/media\/8099"}],"wp:attachment":[{"href":"https:\/\/blogs.correiobraziliense.com.br\/cbpoder\/wp-json\/wp\/v2\/media?parent=8098"}],"wp:term":[{"taxonomy":"category","embeddable":true,"href":"https:\/\/blogs.correiobraziliense.com.br\/cbpoder\/wp-json\/wp\/v2\/categories?post=8098"},{"taxonomy":"post_tag","embeddable":true,"href":"https:\/\/blogs.correiobraziliense.com.br\/cbpoder\/wp-json\/wp\/v2\/tags?post=8098"}],"curies":[{"name":"wp","href":"https:\/\/api.w.org\/{rel}","templated":true}]}}