{"id":8092,"date":"2017-04-09T12:39:02","date_gmt":"2017-04-09T15:39:02","guid":{"rendered":"https:\/\/blogs.correiobraziliense.com.br\/cbpoder\/?p=8092"},"modified":"2017-04-09T12:58:34","modified_gmt":"2017-04-09T15:58:34","slug":"pf-investiga-mane-garrincha","status":"publish","type":"post","link":"https:\/\/blogs.correiobraziliense.com.br\/cbpoder\/pf-investiga-mane-garrincha\/","title":{"rendered":"PF requisita processos do Man\u00e9 Garrincha"},"content":{"rendered":"<p>A Pol\u00edcia Federal (PF) em Bras\u00edlia requisitou todos os dados dispon\u00edveis nos processos da Terracap referentes ao est\u00e1dio Nacional de Bras\u00edlia Man\u00e9 Garrincha.<\/p>\n<p>O pedido foi atendido na \u00faltima quarta-feira (05\/04). O presidente da empresa, J\u00falio C\u00e9sar Reis, disse que todas as informa\u00e7\u00f5es requisitadas foram prestadas, como n\u00e3o poderia deixar de ser.<\/p>\n<p>O foco da investiga\u00e7\u00e3o s\u00e3o as obras de constru\u00e7\u00e3o da arena e o custo do empreendimento para a Terracap, empresa que tem a\u00e7\u00f5es do GDF e da Uni\u00e3o.<\/p>\n<p>A obra do Man\u00e9 Garrincha foi financiada integralmente com recursos do DF. O custo de R$ 1,8 bilh\u00e3o da constru\u00e7\u00e3o foi administrado pela Terracap que ficou respons\u00e1vel pelo empreendimento, a partir de 2011.<\/p>\n<p>Executivos da Andrade Gutierrez, respons\u00e1vel pela obra, fizeram dela\u00e7\u00e3o premiada na Opera\u00e7\u00e3o Lava-Jato e inclu\u00edram a arena nos depoimentos.<\/p>\n<p>O Man\u00e9 Garrincha foi o est\u00e1dio mais caro da Copa do Mundo de 2014. Com capacidade para 70 mil pessoas, a arena desperta controv\u00e9rsias sobre a necessidade de construi-la quando hoje o GDF enfrenta dificuldades at\u00e9 mesmo para honrar a folha de pagamentos.<\/p>\n<p>&nbsp;<\/p>\n","protected":false},"excerpt":{"rendered":"<p>A Pol\u00edcia Federal (PF) em Bras\u00edlia requisitou todos os dados dispon\u00edveis nos processos da Terracap referentes ao est\u00e1dio Nacional de Bras\u00edlia Man\u00e9 Garrincha. O pedido foi atendido na \u00faltima quarta-feira (05\/04). O presidente da empresa, J\u00falio C\u00e9sar Reis, disse que todas as informa\u00e7\u00f5es requisitadas foram prestadas, como n\u00e3o poderia deixar de ser. O foco da investiga\u00e7\u00e3o s\u00e3o as obras de [&hellip;]<\/p>\n","protected":false},"author":9,"featured_media":8094,"comment_status":"open","ping_status":"closed","sticky":false,"template":"","format":"standard","meta":{"footnotes":""},"categories":[234],"tags":[129,61,163,343],"class_list":["post-8092","post","type-post","status-publish","format-standard","has-post-thumbnail","hentry","category-cb-poder","tag-investigacao","tag-lava-jato","tag-mane-garrincha","tag-policia-federal"],"_links":{"self":[{"href":"https:\/\/blogs.correiobraziliense.com.br\/cbpoder\/wp-json\/wp\/v2\/posts\/8092","targetHints":{"allow":["GET"]}}],"collection":[{"href":"https:\/\/blogs.correiobraziliense.com.br\/cbpoder\/wp-json\/wp\/v2\/posts"}],"about":[{"href":"https:\/\/blogs.correiobraziliense.com.br\/cbpoder\/wp-json\/wp\/v2\/types\/post"}],"author":[{"embeddable":true,"href":"https:\/\/blogs.correiobraziliense.com.br\/cbpoder\/wp-json\/wp\/v2\/users\/9"}],"replies":[{"embeddable":true,"href":"https:\/\/blogs.correiobraziliense.com.br\/cbpoder\/wp-json\/wp\/v2\/comments?post=8092"}],"version-history":[{"count":3,"href":"https:\/\/blogs.correiobraziliense.com.br\/cbpoder\/wp-json\/wp\/v2\/posts\/8092\/revisions"}],"predecessor-version":[{"id":8096,"href":"https:\/\/blogs.correiobraziliense.com.br\/cbpoder\/wp-json\/wp\/v2\/posts\/8092\/revisions\/8096"}],"wp:featuredmedia":[{"embeddable":true,"href":"https:\/\/blogs.correiobraziliense.com.br\/cbpoder\/wp-json\/wp\/v2\/media\/8094"}],"wp:attachment":[{"href":"https:\/\/blogs.correiobraziliense.com.br\/cbpoder\/wp-json\/wp\/v2\/media?parent=8092"}],"wp:term":[{"taxonomy":"category","embeddable":true,"href":"https:\/\/blogs.correiobraziliense.com.br\/cbpoder\/wp-json\/wp\/v2\/categories?post=8092"},{"taxonomy":"post_tag","embeddable":true,"href":"https:\/\/blogs.correiobraziliense.com.br\/cbpoder\/wp-json\/wp\/v2\/tags?post=8092"}],"curies":[{"name":"wp","href":"https:\/\/api.w.org\/{rel}","templated":true}]}}