{"id":7830,"date":"2017-03-08T11:04:54","date_gmt":"2017-03-08T14:04:54","guid":{"rendered":"https:\/\/blogs.correiobraziliense.com.br\/cbpoder\/?p=7830"},"modified":"2017-03-08T11:04:54","modified_gmt":"2017-03-08T14:04:54","slug":"portaria-elaborada-por-barnabes-diz-presidente-da-associacao-medica-sobre-corte-de-gratificacoes","status":"publish","type":"post","link":"https:\/\/blogs.correiobraziliense.com.br\/cbpoder\/portaria-elaborada-por-barnabes-diz-presidente-da-associacao-medica-sobre-corte-de-gratificacoes\/","title":{"rendered":"\u201cPortaria elaborada por barnab\u00e9s\u201d, diz presidente da Associa\u00e7\u00e3o M\u00e9dica, sobre corte de gratifica\u00e7\u00f5es"},"content":{"rendered":"<div><\/div>\n<div>N\u00e3o vai ser f\u00e1cil para o governador Rodrigo Rollemberg (PSB) lidar com a rea\u00e7\u00e3o da classe m\u00e9dica pela decis\u00e3o de cortar as gratifica\u00e7\u00f5es acumuladas de titula\u00e7\u00f5es. O presidente da Associa\u00e7\u00e3o M\u00e9dica de Bras\u00edlia, Luciano Carvalho, divulgou nota em que repudia a iniciativa.<\/div>\n<div><\/div>\n<div><\/div>\n<div>\u201cA portaria, na nossa opini\u00e3o, rasga as conquistas dos m\u00e9dicos, al\u00e9m de ser ardilosa e repleta de detalhes que mostram a m\u00e1 f\u00e9\u201d, diz o presidente. E ainda sobra indiretamente para o secret\u00e1rio de Sa\u00fade, Humberto Fonseca: \u201cA portaria, no nosso entender, \u00e9 um mar de burocracia elaborada por barnab\u00e9s com bacharelado em medicina, mas nenhuma pr\u00e1tica como m\u00e9dico de carreira\u201d<\/div>\n","protected":false},"excerpt":{"rendered":"<p>N\u00e3o vai ser f\u00e1cil para o governador Rodrigo Rollemberg (PSB) lidar com a rea\u00e7\u00e3o da classe m\u00e9dica pela decis\u00e3o de cortar as gratifica\u00e7\u00f5es acumuladas de titula\u00e7\u00f5es. O presidente da Associa\u00e7\u00e3o M\u00e9dica de Bras\u00edlia, Luciano Carvalho, divulgou nota em que repudia a iniciativa. \u201cA portaria, na nossa opini\u00e3o, rasga as conquistas dos m\u00e9dicos, al\u00e9m de ser ardilosa e repleta de detalhes [&hellip;]<\/p>\n","protected":false},"author":9,"featured_media":7831,"comment_status":"open","ping_status":"closed","sticky":false,"template":"","format":"standard","meta":{"footnotes":""},"categories":[234],"tags":[],"class_list":["post-7830","post","type-post","status-publish","format-standard","has-post-thumbnail","hentry","category-cb-poder"],"_links":{"self":[{"href":"https:\/\/blogs.correiobraziliense.com.br\/cbpoder\/wp-json\/wp\/v2\/posts\/7830","targetHints":{"allow":["GET"]}}],"collection":[{"href":"https:\/\/blogs.correiobraziliense.com.br\/cbpoder\/wp-json\/wp\/v2\/posts"}],"about":[{"href":"https:\/\/blogs.correiobraziliense.com.br\/cbpoder\/wp-json\/wp\/v2\/types\/post"}],"author":[{"embeddable":true,"href":"https:\/\/blogs.correiobraziliense.com.br\/cbpoder\/wp-json\/wp\/v2\/users\/9"}],"replies":[{"embeddable":true,"href":"https:\/\/blogs.correiobraziliense.com.br\/cbpoder\/wp-json\/wp\/v2\/comments?post=7830"}],"version-history":[{"count":1,"href":"https:\/\/blogs.correiobraziliense.com.br\/cbpoder\/wp-json\/wp\/v2\/posts\/7830\/revisions"}],"predecessor-version":[{"id":7832,"href":"https:\/\/blogs.correiobraziliense.com.br\/cbpoder\/wp-json\/wp\/v2\/posts\/7830\/revisions\/7832"}],"wp:featuredmedia":[{"embeddable":true,"href":"https:\/\/blogs.correiobraziliense.com.br\/cbpoder\/wp-json\/wp\/v2\/media\/7831"}],"wp:attachment":[{"href":"https:\/\/blogs.correiobraziliense.com.br\/cbpoder\/wp-json\/wp\/v2\/media?parent=7830"}],"wp:term":[{"taxonomy":"category","embeddable":true,"href":"https:\/\/blogs.correiobraziliense.com.br\/cbpoder\/wp-json\/wp\/v2\/categories?post=7830"},{"taxonomy":"post_tag","embeddable":true,"href":"https:\/\/blogs.correiobraziliense.com.br\/cbpoder\/wp-json\/wp\/v2\/tags?post=7830"}],"curies":[{"name":"wp","href":"https:\/\/api.w.org\/{rel}","templated":true}]}}