{"id":7760,"date":"2017-02-22T11:07:12","date_gmt":"2017-02-22T14:07:12","guid":{"rendered":"https:\/\/blogs.correiobraziliense.com.br\/cbpoder\/?p=7760"},"modified":"2017-02-22T11:07:12","modified_gmt":"2017-02-22T14:07:12","slug":"tcdf-aprova-auditoria-no-sistema-penitenciario","status":"publish","type":"post","link":"https:\/\/blogs.correiobraziliense.com.br\/cbpoder\/tcdf-aprova-auditoria-no-sistema-penitenciario\/","title":{"rendered":"TCDF aprova auditoria no sistema penitenci\u00e1rio"},"content":{"rendered":"<p>O Tribunal de Contas do DF vai promover uma auditoria no sistema penitenci\u00e1rio do DF. O pedido, apresentado pelo Minist\u00e9rio P\u00fablico de Contas, foi acatado pelos conselheiros em plen\u00e1rio na \u00faltima ter\u00e7a-feira (21\/02). A ideia \u00e9 levantar eventuais falhas, quantidade de presos, privil\u00e9gios, deficit de vagas e de pessoal.<\/p>\n<p>&nbsp;<\/p>\n<p>A representa\u00e7\u00e3o faz parte de uma a\u00e7\u00e3o nacional que j\u00e1 resultou em autoriza\u00e7\u00e3o para investiga\u00e7\u00f5es sobre o funcionamento do sistema prisional em 21 estados, motivado pelos massacres e guerras de grupos rivais em pres\u00eddios do Norte e Norte.<\/p>\n<p>&nbsp;<\/p>\n<p>O trabalho \u00e9 coordenado pelo Conselho Nacional de Procuradores-gerais de Contas (CNPGC), presidido pela procuradora-geral do MP de Contas do DF, Cl\u00e1udia Fernanda de Oliveira.<\/p>\n","protected":false},"excerpt":{"rendered":"<p>O Tribunal de Contas do DF vai promover uma auditoria no sistema penitenci\u00e1rio do DF. O pedido, apresentado pelo Minist\u00e9rio P\u00fablico de Contas, foi acatado pelos conselheiros em plen\u00e1rio na \u00faltima ter\u00e7a-feira (21\/02). A ideia \u00e9 levantar eventuais falhas, quantidade de presos, privil\u00e9gios, deficit de vagas e de pessoal. &nbsp; A representa\u00e7\u00e3o faz parte de uma a\u00e7\u00e3o nacional que j\u00e1 [&hellip;]<\/p>\n","protected":false},"author":9,"featured_media":7761,"comment_status":"open","ping_status":"closed","sticky":false,"template":"","format":"standard","meta":{"footnotes":""},"categories":[234],"tags":[],"class_list":["post-7760","post","type-post","status-publish","format-standard","has-post-thumbnail","hentry","category-cb-poder"],"_links":{"self":[{"href":"https:\/\/blogs.correiobraziliense.com.br\/cbpoder\/wp-json\/wp\/v2\/posts\/7760","targetHints":{"allow":["GET"]}}],"collection":[{"href":"https:\/\/blogs.correiobraziliense.com.br\/cbpoder\/wp-json\/wp\/v2\/posts"}],"about":[{"href":"https:\/\/blogs.correiobraziliense.com.br\/cbpoder\/wp-json\/wp\/v2\/types\/post"}],"author":[{"embeddable":true,"href":"https:\/\/blogs.correiobraziliense.com.br\/cbpoder\/wp-json\/wp\/v2\/users\/9"}],"replies":[{"embeddable":true,"href":"https:\/\/blogs.correiobraziliense.com.br\/cbpoder\/wp-json\/wp\/v2\/comments?post=7760"}],"version-history":[{"count":1,"href":"https:\/\/blogs.correiobraziliense.com.br\/cbpoder\/wp-json\/wp\/v2\/posts\/7760\/revisions"}],"predecessor-version":[{"id":7762,"href":"https:\/\/blogs.correiobraziliense.com.br\/cbpoder\/wp-json\/wp\/v2\/posts\/7760\/revisions\/7762"}],"wp:featuredmedia":[{"embeddable":true,"href":"https:\/\/blogs.correiobraziliense.com.br\/cbpoder\/wp-json\/wp\/v2\/media\/7761"}],"wp:attachment":[{"href":"https:\/\/blogs.correiobraziliense.com.br\/cbpoder\/wp-json\/wp\/v2\/media?parent=7760"}],"wp:term":[{"taxonomy":"category","embeddable":true,"href":"https:\/\/blogs.correiobraziliense.com.br\/cbpoder\/wp-json\/wp\/v2\/categories?post=7760"},{"taxonomy":"post_tag","embeddable":true,"href":"https:\/\/blogs.correiobraziliense.com.br\/cbpoder\/wp-json\/wp\/v2\/tags?post=7760"}],"curies":[{"name":"wp","href":"https:\/\/api.w.org\/{rel}","templated":true}]}}