{"id":7757,"date":"2017-02-22T10:59:05","date_gmt":"2017-02-22T13:59:05","guid":{"rendered":"https:\/\/blogs.correiobraziliense.com.br\/cbpoder\/?p=7757"},"modified":"2017-02-22T10:59:05","modified_gmt":"2017-02-22T13:59:05","slug":"mp-pede-arquivamento-de-denuncia-de-celina","status":"publish","type":"post","link":"https:\/\/blogs.correiobraziliense.com.br\/cbpoder\/mp-pede-arquivamento-de-denuncia-de-celina\/","title":{"rendered":"Minist\u00e9rio P\u00fablico pede arquivamento de den\u00fancia de Celina Le\u00e3o contra Liliane Roriz"},"content":{"rendered":"<p>O Minist\u00e9rio P\u00fablico do Distrito Federal pediu o arquivamento do inqu\u00e9rito por falsidade ideol\u00f3gica contra a deputada Liliane Roriz (PTB) que tramita na 5\u00aa Delegacia de Pol\u00edcia (DP). Em representa\u00e7\u00e3o, Liliane \u00e9 acusada por Celina Le\u00e3o (PPS) de inventar uma vers\u00e3o fake sobre a venda de uma emenda parlamentar para pagar empresa na \u00e1rea de sa\u00fade, base da den\u00fancia por corrup\u00e7\u00e3o da Opera\u00e7\u00e3o Dr\u00e1con.<\/p>\n<p>&nbsp;<\/p>\n<p>Para a vice-procuradora-geral de Justi\u00e7a do DF, Selma Sauerbronn, os fatos em quest\u00e3o j\u00e1 foram objeto de apura\u00e7\u00e3o e n\u00e3o h\u00e1 justa causa para nova investiga\u00e7\u00e3o. Como Liliane tem foro especial, todas as dilig\u00eancias passam pelo Conselho Especial do Tribunal de Justi\u00e7a.<\/p>\n<p>&nbsp;<\/p>\n<h2>Arquivamento na DP<\/h2>\n<p>Ao receber o parecer do MP, o relator do caso, desembargador Get\u00falio Moraes Oliveira, enviou o processo ao delegado-chefe da 5\u00aa DP, Rog\u00e9rio Henrique Oliveira, para que se pronuncie antes da decreta\u00e7\u00e3o do arquivamento. O delegado dever\u00e1 devolver hoje o processo \u00e0 Justi\u00e7a, apenas com um despacho de que est\u00e1 ciente da manifesta\u00e7\u00e3o do MP. Em seguida, caso encerrado.<\/p>\n","protected":false},"excerpt":{"rendered":"<p>O Minist\u00e9rio P\u00fablico do Distrito Federal pediu o arquivamento do inqu\u00e9rito por falsidade ideol\u00f3gica contra a deputada Liliane Roriz (PTB) que tramita na 5\u00aa Delegacia de Pol\u00edcia (DP). Em representa\u00e7\u00e3o, Liliane \u00e9 acusada por Celina Le\u00e3o (PPS) de inventar uma vers\u00e3o fake sobre a venda de uma emenda parlamentar para pagar empresa na \u00e1rea de sa\u00fade, base da den\u00fancia por [&hellip;]<\/p>\n","protected":false},"author":9,"featured_media":7758,"comment_status":"open","ping_status":"closed","sticky":false,"template":"","format":"standard","meta":{"footnotes":""},"categories":[234],"tags":[],"class_list":["post-7757","post","type-post","status-publish","format-standard","has-post-thumbnail","hentry","category-cb-poder"],"_links":{"self":[{"href":"https:\/\/blogs.correiobraziliense.com.br\/cbpoder\/wp-json\/wp\/v2\/posts\/7757","targetHints":{"allow":["GET"]}}],"collection":[{"href":"https:\/\/blogs.correiobraziliense.com.br\/cbpoder\/wp-json\/wp\/v2\/posts"}],"about":[{"href":"https:\/\/blogs.correiobraziliense.com.br\/cbpoder\/wp-json\/wp\/v2\/types\/post"}],"author":[{"embeddable":true,"href":"https:\/\/blogs.correiobraziliense.com.br\/cbpoder\/wp-json\/wp\/v2\/users\/9"}],"replies":[{"embeddable":true,"href":"https:\/\/blogs.correiobraziliense.com.br\/cbpoder\/wp-json\/wp\/v2\/comments?post=7757"}],"version-history":[{"count":1,"href":"https:\/\/blogs.correiobraziliense.com.br\/cbpoder\/wp-json\/wp\/v2\/posts\/7757\/revisions"}],"predecessor-version":[{"id":7759,"href":"https:\/\/blogs.correiobraziliense.com.br\/cbpoder\/wp-json\/wp\/v2\/posts\/7757\/revisions\/7759"}],"wp:featuredmedia":[{"embeddable":true,"href":"https:\/\/blogs.correiobraziliense.com.br\/cbpoder\/wp-json\/wp\/v2\/media\/7758"}],"wp:attachment":[{"href":"https:\/\/blogs.correiobraziliense.com.br\/cbpoder\/wp-json\/wp\/v2\/media?parent=7757"}],"wp:term":[{"taxonomy":"category","embeddable":true,"href":"https:\/\/blogs.correiobraziliense.com.br\/cbpoder\/wp-json\/wp\/v2\/categories?post=7757"},{"taxonomy":"post_tag","embeddable":true,"href":"https:\/\/blogs.correiobraziliense.com.br\/cbpoder\/wp-json\/wp\/v2\/tags?post=7757"}],"curies":[{"name":"wp","href":"https:\/\/api.w.org\/{rel}","templated":true}]}}