{"id":7747,"date":"2017-02-22T09:05:29","date_gmt":"2017-02-22T12:05:29","guid":{"rendered":"https:\/\/blogs.correiobraziliense.com.br\/cbpoder\/?p=7747"},"modified":"2017-02-22T14:24:32","modified_gmt":"2017-02-22T17:24:32","slug":"morre-o-delegado-da-pf-elmiz-junior-subsecretario-de-inteligencia-da-secretaria-de-seguranca-do-df","status":"publish","type":"post","link":"https:\/\/blogs.correiobraziliense.com.br\/cbpoder\/morre-o-delegado-da-pf-elmiz-junior-subsecretario-de-inteligencia-da-secretaria-de-seguranca-do-df\/","title":{"rendered":"Morre o delegado da PF Elmiz J\u00fanior, subsecret\u00e1rio de Intelig\u00eancia da Secretaria de Seguran\u00e7a do DF"},"content":{"rendered":"<p>Morreu hoje (22\/02) o delegado da Pol\u00edcia Federal Elmiz Ant\u00f4nio Rocha J\u00fanior, aos 42 anos. Ele era subsecret\u00e1rio de Intelig\u00eancia da Secretaria de Seguran\u00e7a P\u00fablica e Paz Social do DF.<\/p>\n<p>Elmiz lutava havia tr\u00eas anos contra um c\u00e2ncer. Nos \u00faltimos dias, estava internado. Ele morreu no in\u00edcio desta manh\u00e3.<\/p>\n<p>Delegado da Pol\u00edcia Federal desde 2008, ele era especialista na intelig\u00eancia para grandes eventos.<\/p>\n<p>A nomea\u00e7\u00e3o de Elmiz, em mar\u00e7o de 2016, causou pol\u00eamica entre policiais civis. A quest\u00e3o n\u00e3o era a capacidade t\u00e9cnica do delegado da PF, mas a escolha de um subsecret\u00e1rio de Intelig\u00eancia fora dos quadros da Pol\u00edcia Civil do DF. O cargo era exercido havia d\u00e9cadas por um delegado da PCDF. Foi uma decis\u00e3o da titular da pasta, M\u00e1rcia de Alencar.<\/p>\n<p>Na Secretaria de Seguran\u00e7a, Elmiz participou da organiza\u00e7\u00e3o da seguran\u00e7a de eventos como as manifesta\u00e7\u00f5es na Esplanada dos Minist\u00e9rios contra e a favor do impeachment e na desocupa\u00e7\u00e3o do Hotel Torre Palace. Essas opera\u00e7\u00f5es foram consideradas bem-sucedidas. Por sua atua\u00e7\u00e3o e personalidade, Elmiz era muito querido por onde passava.<\/p>\n<p>Ele estudou no Col\u00e9gio Militar de Bras\u00edlia e direito no Uniceub. &#8220;Elmiz J\u00fanior foi o mais dedicado amigo e servidor que j\u00e1 vi. Conseguia se dedicar \u00e0 fam\u00edlia e ao seu grande sonho, de toda a vida, que foi o quadro da Pol\u00edcia Federal. Mesmo durante sua luta contra o c\u00e2ncer, jamais deixou de trabalhar e contribuir com a seguran\u00e7a p\u00fablica. Perdemos um grande amigo e profissional&#8221;, diz o jornalista Bernardo Brand\u00e0o.<\/p>\n<p>Elmiz foi o delegado que cumpriu o mandado de pris\u00e3o do ent\u00e3o governador Jos\u00e9 Roberto Arruda, em fevereiro de 2010, expedido pelo Superior Tribunal de Justi\u00e7a (STJ), na Opera\u00e7\u00e3o Caixa de Pandora.<\/p>\n<p>Entre os m\u00e9ritos do trabalho dele, est\u00e1 a seguran\u00e7a da 28\u00aa Jornada Mundial da Juventude, no Rio de Janeiro, em 2013, quando o Papa Francisco passou por tr\u00eas milh\u00f5es de pessoas para celebrar a Missa do Envio, em Copacabana, para um p\u00fablico de nove milh\u00f5es de fi\u00e9is.<\/p>\n<p>Elmiz deixa a esposa, Joana, e duas filhas, Mariana e Catarina.<\/p>\n<p>O vel\u00f3rio come\u00e7a \u00e0s 13 horas na Capela 01 do Cemit\u00e9rio Campo da Esperan\u00e7a. O enterro ser\u00e1 \u00e0s 17h.<\/p>\n<p>A Secretaria de Seguran\u00e7a P\u00fablica e Paz Social divulgou nota de pesar:<\/p>\n<p>A Secretaria de Estado da Seguran\u00e7a P\u00fablica e da Paz Social manifesta nesta quarta-feira (22) profundo pesar pela morte do subsecret\u00e1rio de intelig\u00eancia da pasta, Elmiz Ant\u00f4nio Rocha J\u00fanior, 42 anos, que contribuiu com seu conhecimento e expertise na \u00e1rea de intelig\u00eancia com a popula\u00e7\u00e3o do Distrito Federal.<br \/>\nDelegado da Pol\u00edcia Federal desde 2008, Elmiz foi chefe do Servi\u00e7o de Intelig\u00eancia da Coordena\u00e7\u00e3o de Grandes Eventos da Pol\u00edcia Federal, entre 2012 e 2016, participou do planejamento estrat\u00e9gico da Confer\u00eancia RIO+20, da Jornada Mundial da Juventude, da Copa das Confedera\u00e7\u00f5es e da Copa do Mundo. O subsecret\u00e1rio tamb\u00e9m era professor do curso de antiterrorismo na Academia Nacional de Pol\u00edcia e na Divis\u00e3o de Antiterrorismo da PF. Em 2016, sua atua\u00e7\u00e3o foi primordial nas a\u00e7\u00f5es coordenadas pela SSP\/DF durante o Impeachment, na desocupa\u00e7\u00e3o do Torre Palace e nas Olimp\u00edadas.<br \/>\nNeste momento de dor e luto nos solidarizamos com a fam\u00edlia de Elmiz em ora\u00e7\u00e3o.<br \/>\nQue o nosso guerreiro descanse em paz!professor do curso de antiterrorismo na Academia Nacional de Pol\u00edcia e na Divis\u00e3o de Antiterrorismo da PF. Em 2016, sua atua\u00e7\u00e3o foi primordial nas a\u00e7\u00f5es coordenadas pela SSP\/DF durante o Impeachment, na desocupa\u00e7\u00e3o do Torre Palace e nas Olimp\u00edadas.<br \/>\nNeste momento de dor e luto nos solidarizamos com a fam\u00edlia de Elmiz em ora\u00e7\u00e3o.<br \/>\nQue o nosso guerreiro descanse em paz!<\/p>\n","protected":false},"excerpt":{"rendered":"<p>Morreu hoje (22\/02) o delegado da Pol\u00edcia Federal Elmiz Ant\u00f4nio Rocha J\u00fanior, aos 42 anos. Ele era subsecret\u00e1rio de Intelig\u00eancia da Secretaria de Seguran\u00e7a P\u00fablica e Paz Social do DF. Elmiz lutava havia tr\u00eas anos contra um c\u00e2ncer. Nos \u00faltimos dias, estava internado. Ele morreu no in\u00edcio desta manh\u00e3. Delegado da Pol\u00edcia Federal desde 2008, ele era especialista na intelig\u00eancia [&hellip;]<\/p>\n","protected":false},"author":9,"featured_media":7748,"comment_status":"open","ping_status":"closed","sticky":false,"template":"","format":"standard","meta":{"footnotes":""},"categories":[234],"tags":[603,602,515,486,604],"class_list":["post-7747","post","type-post","status-publish","format-standard","has-post-thumbnail","hentry","category-cb-poder","tag-delegado","tag-elmiz-junior","tag-pf","tag-secretaria-de-seguranca","tag-subsecretario-de-inteligencia"],"_links":{"self":[{"href":"https:\/\/blogs.correiobraziliense.com.br\/cbpoder\/wp-json\/wp\/v2\/posts\/7747","targetHints":{"allow":["GET"]}}],"collection":[{"href":"https:\/\/blogs.correiobraziliense.com.br\/cbpoder\/wp-json\/wp\/v2\/posts"}],"about":[{"href":"https:\/\/blogs.correiobraziliense.com.br\/cbpoder\/wp-json\/wp\/v2\/types\/post"}],"author":[{"embeddable":true,"href":"https:\/\/blogs.correiobraziliense.com.br\/cbpoder\/wp-json\/wp\/v2\/users\/9"}],"replies":[{"embeddable":true,"href":"https:\/\/blogs.correiobraziliense.com.br\/cbpoder\/wp-json\/wp\/v2\/comments?post=7747"}],"version-history":[{"count":6,"href":"https:\/\/blogs.correiobraziliense.com.br\/cbpoder\/wp-json\/wp\/v2\/posts\/7747\/revisions"}],"predecessor-version":[{"id":7763,"href":"https:\/\/blogs.correiobraziliense.com.br\/cbpoder\/wp-json\/wp\/v2\/posts\/7747\/revisions\/7763"}],"wp:featuredmedia":[{"embeddable":true,"href":"https:\/\/blogs.correiobraziliense.com.br\/cbpoder\/wp-json\/wp\/v2\/media\/7748"}],"wp:attachment":[{"href":"https:\/\/blogs.correiobraziliense.com.br\/cbpoder\/wp-json\/wp\/v2\/media?parent=7747"}],"wp:term":[{"taxonomy":"category","embeddable":true,"href":"https:\/\/blogs.correiobraziliense.com.br\/cbpoder\/wp-json\/wp\/v2\/categories?post=7747"},{"taxonomy":"post_tag","embeddable":true,"href":"https:\/\/blogs.correiobraziliense.com.br\/cbpoder\/wp-json\/wp\/v2\/tags?post=7747"}],"curies":[{"name":"wp","href":"https:\/\/api.w.org\/{rel}","templated":true}]}}