{"id":7743,"date":"2017-02-21T14:32:25","date_gmt":"2017-02-21T17:32:25","guid":{"rendered":"https:\/\/blogs.correiobraziliense.com.br\/cbpoder\/?p=7743"},"modified":"2017-02-21T12:34:00","modified_gmt":"2017-02-21T15:34:00","slug":"7743-2","status":"publish","type":"post","link":"https:\/\/blogs.correiobraziliense.com.br\/cbpoder\/7743-2\/","title":{"rendered":"Ex-deputado Jo\u00e3o de Deus reassume o comando da Associa\u00e7\u00e3o dos Pra\u00e7as da Pol\u00edcia Militar"},"content":{"rendered":"<p>O ex-deputado Jo\u00e3o de Deus reassume hoje a presid\u00eancia da Associa\u00e7\u00e3o dos Pra\u00e7as da Pol\u00edcia Militar, com um discurso que deve incomodar o governador Rodrigo Rollemberg (PSB) e principalmente o chefe da Casa Militar, coronel Cl\u00e1udio Ribas.<\/p>\n<p>&nbsp;<\/p>\n<p>O ex-distrital, agora no grupo pol\u00edtico de Tadeu Filippelli, elegeu Ribas como inimigo da PM e tem batido constantemente no oficial em seu programa de r\u00e1dio. Outro alvo \u00e9 a secret\u00e1ria de Seguran\u00e7a e Paz Social, M\u00e1rcia de Alencar.<\/p>\n<p>&nbsp;<\/p>\n<p>Depois de deixar os mandatos na C\u00e2mara Legislativa, Jo\u00e3o de Deus foi prefeito de \u00c1gua Fria de Goi\u00e1s, dois mandatos consecutivos, e volta agora para a pol\u00edtica do DF disposto a disputar a pr\u00f3xima elei\u00e7\u00e3o no DF. J\u00e1 elegeu em quem vai atirar.<\/p>\n","protected":false},"excerpt":{"rendered":"<p>O ex-deputado Jo\u00e3o de Deus reassume hoje a presid\u00eancia da Associa\u00e7\u00e3o dos Pra\u00e7as da Pol\u00edcia Militar, com um discurso que deve incomodar o governador Rodrigo Rollemberg (PSB) e principalmente o chefe da Casa Militar, coronel Cl\u00e1udio Ribas. &nbsp; O ex-distrital, agora no grupo pol\u00edtico de Tadeu Filippelli, elegeu Ribas como inimigo da PM e tem batido constantemente no oficial em [&hellip;]<\/p>\n","protected":false},"author":9,"featured_media":7744,"comment_status":"open","ping_status":"closed","sticky":false,"template":"","format":"standard","meta":{"footnotes":""},"categories":[234],"tags":[],"class_list":["post-7743","post","type-post","status-publish","format-standard","has-post-thumbnail","hentry","category-cb-poder"],"_links":{"self":[{"href":"https:\/\/blogs.correiobraziliense.com.br\/cbpoder\/wp-json\/wp\/v2\/posts\/7743","targetHints":{"allow":["GET"]}}],"collection":[{"href":"https:\/\/blogs.correiobraziliense.com.br\/cbpoder\/wp-json\/wp\/v2\/posts"}],"about":[{"href":"https:\/\/blogs.correiobraziliense.com.br\/cbpoder\/wp-json\/wp\/v2\/types\/post"}],"author":[{"embeddable":true,"href":"https:\/\/blogs.correiobraziliense.com.br\/cbpoder\/wp-json\/wp\/v2\/users\/9"}],"replies":[{"embeddable":true,"href":"https:\/\/blogs.correiobraziliense.com.br\/cbpoder\/wp-json\/wp\/v2\/comments?post=7743"}],"version-history":[{"count":1,"href":"https:\/\/blogs.correiobraziliense.com.br\/cbpoder\/wp-json\/wp\/v2\/posts\/7743\/revisions"}],"predecessor-version":[{"id":7745,"href":"https:\/\/blogs.correiobraziliense.com.br\/cbpoder\/wp-json\/wp\/v2\/posts\/7743\/revisions\/7745"}],"wp:featuredmedia":[{"embeddable":true,"href":"https:\/\/blogs.correiobraziliense.com.br\/cbpoder\/wp-json\/wp\/v2\/media\/7744"}],"wp:attachment":[{"href":"https:\/\/blogs.correiobraziliense.com.br\/cbpoder\/wp-json\/wp\/v2\/media?parent=7743"}],"wp:term":[{"taxonomy":"category","embeddable":true,"href":"https:\/\/blogs.correiobraziliense.com.br\/cbpoder\/wp-json\/wp\/v2\/categories?post=7743"},{"taxonomy":"post_tag","embeddable":true,"href":"https:\/\/blogs.correiobraziliense.com.br\/cbpoder\/wp-json\/wp\/v2\/tags?post=7743"}],"curies":[{"name":"wp","href":"https:\/\/api.w.org\/{rel}","templated":true}]}}