{"id":7740,"date":"2017-02-21T13:24:36","date_gmt":"2017-02-21T16:24:36","guid":{"rendered":"https:\/\/blogs.correiobraziliense.com.br\/cbpoder\/?p=7740"},"modified":"2017-02-21T12:30:08","modified_gmt":"2017-02-21T15:30:08","slug":"stj-julga-derrubadas-na-peninsula","status":"publish","type":"post","link":"https:\/\/blogs.correiobraziliense.com.br\/cbpoder\/stj-julga-derrubadas-na-peninsula\/","title":{"rendered":"STJ vai julgar recurso contra derrubadas na Pen\u00ednsula dos Ministros"},"content":{"rendered":"<div>O Superior Tribunal de Justi\u00e7a (STJ) julga hoje pedido de suspens\u00e3o de <a href=\"http:\/\/www.correiobraziliense.com.br\/app\/noticia\/cidades\/2015\/09\/01\/interna_cidadesdf,496747\/derrubadas-no-lago-sul-serao-custeadas-pelos-proprios-proprietarios.shtml\">derrubadas <\/a>em \u00e1rea verde cont\u00edguas \u00e0s pontas de picol\u00e9 da QL 12 do Lago Sul, a chamada Pen\u00ednsula dos Ministros. O recurso \u00e9 do esp\u00f3lio do ex-presidente do Supremo Tribunal Federal Francisco Manoel Xavier de Albuquerque. O caso ser\u00e1 analisado pela Primeira Turma, sob a relatoria do ministro Gurgel de Faria.<\/div>\n","protected":false},"excerpt":{"rendered":"<p>O Superior Tribunal de Justi\u00e7a (STJ) julga hoje pedido de suspens\u00e3o de derrubadas em \u00e1rea verde cont\u00edguas \u00e0s pontas de picol\u00e9 da QL 12 do Lago Sul, a chamada Pen\u00ednsula dos Ministros. O recurso \u00e9 do esp\u00f3lio do ex-presidente do Supremo Tribunal Federal Francisco Manoel Xavier de Albuquerque. O caso ser\u00e1 analisado pela Primeira Turma, sob a relatoria do ministro [&hellip;]<\/p>\n","protected":false},"author":9,"featured_media":7741,"comment_status":"open","ping_status":"closed","sticky":false,"template":"","format":"standard","meta":{"footnotes":""},"categories":[234],"tags":[],"class_list":["post-7740","post","type-post","status-publish","format-standard","has-post-thumbnail","hentry","category-cb-poder"],"_links":{"self":[{"href":"https:\/\/blogs.correiobraziliense.com.br\/cbpoder\/wp-json\/wp\/v2\/posts\/7740","targetHints":{"allow":["GET"]}}],"collection":[{"href":"https:\/\/blogs.correiobraziliense.com.br\/cbpoder\/wp-json\/wp\/v2\/posts"}],"about":[{"href":"https:\/\/blogs.correiobraziliense.com.br\/cbpoder\/wp-json\/wp\/v2\/types\/post"}],"author":[{"embeddable":true,"href":"https:\/\/blogs.correiobraziliense.com.br\/cbpoder\/wp-json\/wp\/v2\/users\/9"}],"replies":[{"embeddable":true,"href":"https:\/\/blogs.correiobraziliense.com.br\/cbpoder\/wp-json\/wp\/v2\/comments?post=7740"}],"version-history":[{"count":1,"href":"https:\/\/blogs.correiobraziliense.com.br\/cbpoder\/wp-json\/wp\/v2\/posts\/7740\/revisions"}],"predecessor-version":[{"id":7742,"href":"https:\/\/blogs.correiobraziliense.com.br\/cbpoder\/wp-json\/wp\/v2\/posts\/7740\/revisions\/7742"}],"wp:featuredmedia":[{"embeddable":true,"href":"https:\/\/blogs.correiobraziliense.com.br\/cbpoder\/wp-json\/wp\/v2\/media\/7741"}],"wp:attachment":[{"href":"https:\/\/blogs.correiobraziliense.com.br\/cbpoder\/wp-json\/wp\/v2\/media?parent=7740"}],"wp:term":[{"taxonomy":"category","embeddable":true,"href":"https:\/\/blogs.correiobraziliense.com.br\/cbpoder\/wp-json\/wp\/v2\/categories?post=7740"},{"taxonomy":"post_tag","embeddable":true,"href":"https:\/\/blogs.correiobraziliense.com.br\/cbpoder\/wp-json\/wp\/v2\/tags?post=7740"}],"curies":[{"name":"wp","href":"https:\/\/api.w.org\/{rel}","templated":true}]}}