{"id":7698,"date":"2017-02-16T10:19:36","date_gmt":"2017-02-16T12:19:36","guid":{"rendered":"https:\/\/blogs.correiobraziliense.com.br\/cbpoder\/?p=7698"},"modified":"2017-02-16T10:23:29","modified_gmt":"2017-02-16T12:23:29","slug":"decisao-sobre-termos-circunstanciados-nas-maos-de-fachin","status":"publish","type":"post","link":"https:\/\/blogs.correiobraziliense.com.br\/cbpoder\/decisao-sobre-termos-circunstanciados-nas-maos-de-fachin\/","title":{"rendered":"Decis\u00e3o sobre a pol\u00eamica dos termos circunstanciados est\u00e1 nas m\u00e3os do ministro Edson Fachin"},"content":{"rendered":"<p>Relator de um imbr\u00f3glio que coloca em lados opostos policiais civis e militares em todo o pa\u00eds, o ministro Edson Fachin, do Supremo Tribunal Federal (STF), definiu que a diverg\u00eancia ser\u00e1 encerrada de uma vez por todas.<\/p>\n<p>&nbsp;<\/p>\n<p>Ele \u00e9 relator de uma a\u00e7\u00e3o direta de inconstitucionalidade proposta pela Associa\u00e7\u00e3o dos Delegados de Pol\u00edcia do Brasil contra uma\u00a0lei aprovada pela Assembleia Legislativa de Minas Gerais. O texto autoriza policiais militares lavrarem Termos Circunstanciados de Ocorr\u00eancia (TCO), uma atribui\u00e7\u00e3o que, segundo policiais civis, \u00e9 exclusiva da carreira.<\/p>\n<p>&nbsp;<\/p>\n<h2>Fachin: &#8220;import\u00e2ncia para a ordem social&#8221;<\/h2>\n<p>O governador de Minas Gerais, Fernando Pimentel (PT), vetou o artigo que autorizava a atua\u00e7\u00e3o da PM, por entender que se trata de tema de compet\u00eancia da Uni\u00e3o e, portanto, n\u00e3o poderia ser discutido na esfera estadual. A Assembleia Legislativa, ent\u00e3o, rejeitou o veto e a lei entrou em vigor. No Distrito Federal, o tema tamb\u00e9m \u00e9 explosivo.<\/p>\n<p>&nbsp;<\/p>\n<p>A palavra final do STF pode colocar um ponto final na quest\u00e3o. Em despacho, Fachin ressaltou que a mat\u00e9ria tem \u201cimport\u00e2ncia para a ordem social e a seguran\u00e7a jur\u00eddica\u201d e, por isso, julgaria o m\u00e9rito da a\u00e7\u00e3o, sem antecipa\u00e7\u00e3o de liminar.<\/p>\n","protected":false},"excerpt":{"rendered":"<p>Relator de um imbr\u00f3glio que coloca em lados opostos policiais civis e militares em todo o pa\u00eds, o ministro Edson Fachin, do Supremo Tribunal Federal (STF), definiu que a diverg\u00eancia ser\u00e1 encerrada de uma vez por todas. &nbsp; Ele \u00e9 relator de uma a\u00e7\u00e3o direta de inconstitucionalidade proposta pela Associa\u00e7\u00e3o dos Delegados de Pol\u00edcia do Brasil contra uma\u00a0lei aprovada pela [&hellip;]<\/p>\n","protected":false},"author":9,"featured_media":7699,"comment_status":"open","ping_status":"closed","sticky":false,"template":"","format":"standard","meta":{"footnotes":""},"categories":[234],"tags":[],"class_list":["post-7698","post","type-post","status-publish","format-standard","has-post-thumbnail","hentry","category-cb-poder"],"_links":{"self":[{"href":"https:\/\/blogs.correiobraziliense.com.br\/cbpoder\/wp-json\/wp\/v2\/posts\/7698","targetHints":{"allow":["GET"]}}],"collection":[{"href":"https:\/\/blogs.correiobraziliense.com.br\/cbpoder\/wp-json\/wp\/v2\/posts"}],"about":[{"href":"https:\/\/blogs.correiobraziliense.com.br\/cbpoder\/wp-json\/wp\/v2\/types\/post"}],"author":[{"embeddable":true,"href":"https:\/\/blogs.correiobraziliense.com.br\/cbpoder\/wp-json\/wp\/v2\/users\/9"}],"replies":[{"embeddable":true,"href":"https:\/\/blogs.correiobraziliense.com.br\/cbpoder\/wp-json\/wp\/v2\/comments?post=7698"}],"version-history":[{"count":2,"href":"https:\/\/blogs.correiobraziliense.com.br\/cbpoder\/wp-json\/wp\/v2\/posts\/7698\/revisions"}],"predecessor-version":[{"id":7702,"href":"https:\/\/blogs.correiobraziliense.com.br\/cbpoder\/wp-json\/wp\/v2\/posts\/7698\/revisions\/7702"}],"wp:featuredmedia":[{"embeddable":true,"href":"https:\/\/blogs.correiobraziliense.com.br\/cbpoder\/wp-json\/wp\/v2\/media\/7699"}],"wp:attachment":[{"href":"https:\/\/blogs.correiobraziliense.com.br\/cbpoder\/wp-json\/wp\/v2\/media?parent=7698"}],"wp:term":[{"taxonomy":"category","embeddable":true,"href":"https:\/\/blogs.correiobraziliense.com.br\/cbpoder\/wp-json\/wp\/v2\/categories?post=7698"},{"taxonomy":"post_tag","embeddable":true,"href":"https:\/\/blogs.correiobraziliense.com.br\/cbpoder\/wp-json\/wp\/v2\/tags?post=7698"}],"curies":[{"name":"wp","href":"https:\/\/api.w.org\/{rel}","templated":true}]}}