{"id":7487,"date":"2017-01-28T13:53:16","date_gmt":"2017-01-28T15:53:16","guid":{"rendered":"https:\/\/blogs.correiobraziliense.com.br\/cbpoder\/?p=7487"},"modified":"2017-01-28T14:14:49","modified_gmt":"2017-01-28T16:14:49","slug":"celina-acusada-de-calunia-contra-agnelo","status":"publish","type":"post","link":"https:\/\/blogs.correiobraziliense.com.br\/cbpoder\/celina-acusada-de-calunia-contra-agnelo\/","title":{"rendered":"Celina Le\u00e3o ser\u00e1 julgada em fevereiro por den\u00fancia de cal\u00fania contra o ex-governador Agnelo Queiroz"},"content":{"rendered":"<p><strong>Ana Viriato<\/strong><\/p>\n<p>Rivais na pol\u00edtica, a\u00a0deputada distrital Celina Le\u00e3o (PPS) e o ex-governador Agnelo Queiroz (PT) poder\u00e3o ficar frente a frente no pr\u00f3ximo dia 7, durante sess\u00e3o do\u00a0Conselho Especial do Tribunal de Justi\u00e7a do DF e dos Territ\u00f3rios (TJDFT). O colegiado de desembargadores julgar\u00e1, na oportunidade, a queixa pelos crimes de cal\u00fania, inj\u00faria e difama\u00e7\u00e3o, ajuizada pelo petista em raz\u00e3o da parlamentar t\u00ea-lo classificado como &#8220;bandido&#8221; e &#8220;ladr\u00e3o&#8221;. As declara\u00e7\u00f5es foram dadas em mat\u00e9ria publicada pelo <strong>Correio Braziliense<\/strong>, em dezembro de 2015.<\/p>\n<p>&nbsp;<\/p>\n<p>\u00c0 \u00e9poca, questionada sobre o perfil combativo que a projetou no \u00e2mbito pol\u00edtico, quando fez oposi\u00e7\u00e3o ao ex-governador, Celina Le\u00e3o afirmou: &#8220;O Agnelo, sempre achei um bandido, um ladr\u00e3o&#8221;. E acrescentou: &#8220;O Agnelo, antes de fazer os projetos, pensava &#8216;isso aqui vai dar quanto?&#8217;. Imagina esse est\u00e1dio (Man\u00e9 Garrincha) de R$ 3 bilh\u00f5es, esse dinheiro agora est\u00e1 fazendo muita falta. Mas est\u00e1 na mira da Lava-Jato. Isso ainda vai ter um desdobramento aqui no DF&#8221;.<\/p>\n<p>&nbsp;<\/p>\n<p>Ainda durante a entrevista, Celina refor\u00e7ou o posicionamento. &#8220;Acho, sim, que ele \u00e9 um bandido, um cara que roubou. Na sa\u00edda do governo, ele se deu 40 horas (de carga hor\u00e1ria como m\u00e9dico). O sentimento do Agnelo era de impunidade. \u00c0s vezes, a gente fazia den\u00fancias da tribuna e eles riam, como se o poder fosse eterno&#8221;.<\/p>\n<p>&nbsp;<\/p>\n<p>No ano seguinte \u00e0 divulga\u00e7\u00e3o da mat\u00e9ria, o petista ajuizou a queixa, na qual destaca, que, ao proferir as ofensas, Celina Le\u00e3o teria atribu\u00eddo a ele os crimes de peculato, concuss\u00e3o e corrup\u00e7\u00e3o passiva. A Justi\u00e7a, ent\u00e3o, designou uma audi\u00eancia de concilia\u00e7\u00e3o, \u00e0\u00a0qual a distrital faltou &#8220;indicando que, em momento oportuno, apresentaria a imperiosidade da rejei\u00e7\u00e3o da queixa&#8221;.<\/p>\n<h2>Argumenta\u00e7\u00e3o<\/h2>\n<p>A defesa de Celina Le\u00e3o, entregue ao relator do caso, desembargador Get\u00falio de Moraes, ressalta, entre outros itens, a expira\u00e7\u00e3o do prazo de seis meses para a presta\u00e7\u00e3o da queixa \u2014 a publica\u00e7\u00e3o da mat\u00e9ria ocorreu em 27 de dezembro de 2015 e a peti\u00e7\u00e3o foi ajuizada em 26 de junho de 2016. Assim, o documento tornaria-se inv\u00e1lido.<\/p>\n<p>&nbsp;<\/p>\n<p>Al\u00e9m disso, alega a &#8220;imunidade material parlamentar&#8221;. O embasamento da tese decorre de diretrizes estabelecidas na Lei Org\u00e2nica do DF: &#8220;os deputados distritais s\u00e3o inviol\u00e1veis, civil e penalmente, por quaisquer de suas opini\u00f5es, palavras e votos&#8221;, descreve a norma.<\/p>\n<p>&nbsp;<\/p>\n<p>Ao CB.Poder, Celina Le\u00e3o demonstrou expectativas positivas em rela\u00e7\u00e3o ao julgamento. &#8220;Acredito que a defesa \u00e9 concreta. Ali\u00e1s, caso ven\u00e7a, pretendo pedir indeniza\u00e7\u00e3o neste caso&#8221;.<\/p>\n","protected":false},"excerpt":{"rendered":"<p>Ana Viriato Rivais na pol\u00edtica, a\u00a0deputada distrital Celina Le\u00e3o (PPS) e o ex-governador Agnelo Queiroz (PT) poder\u00e3o ficar frente a frente no pr\u00f3ximo dia 7, durante sess\u00e3o do\u00a0Conselho Especial do Tribunal de Justi\u00e7a do DF e dos Territ\u00f3rios (TJDFT). O colegiado de desembargadores julgar\u00e1, na oportunidade, a queixa pelos crimes de cal\u00fania, inj\u00faria e difama\u00e7\u00e3o, ajuizada pelo petista em raz\u00e3o [&hellip;]<\/p>\n","protected":false},"author":9,"featured_media":7488,"comment_status":"open","ping_status":"closed","sticky":false,"template":"","format":"standard","meta":{"footnotes":""},"categories":[234],"tags":[],"class_list":["post-7487","post","type-post","status-publish","format-standard","has-post-thumbnail","hentry","category-cb-poder"],"_links":{"self":[{"href":"https:\/\/blogs.correiobraziliense.com.br\/cbpoder\/wp-json\/wp\/v2\/posts\/7487","targetHints":{"allow":["GET"]}}],"collection":[{"href":"https:\/\/blogs.correiobraziliense.com.br\/cbpoder\/wp-json\/wp\/v2\/posts"}],"about":[{"href":"https:\/\/blogs.correiobraziliense.com.br\/cbpoder\/wp-json\/wp\/v2\/types\/post"}],"author":[{"embeddable":true,"href":"https:\/\/blogs.correiobraziliense.com.br\/cbpoder\/wp-json\/wp\/v2\/users\/9"}],"replies":[{"embeddable":true,"href":"https:\/\/blogs.correiobraziliense.com.br\/cbpoder\/wp-json\/wp\/v2\/comments?post=7487"}],"version-history":[{"count":3,"href":"https:\/\/blogs.correiobraziliense.com.br\/cbpoder\/wp-json\/wp\/v2\/posts\/7487\/revisions"}],"predecessor-version":[{"id":7491,"href":"https:\/\/blogs.correiobraziliense.com.br\/cbpoder\/wp-json\/wp\/v2\/posts\/7487\/revisions\/7491"}],"wp:featuredmedia":[{"embeddable":true,"href":"https:\/\/blogs.correiobraziliense.com.br\/cbpoder\/wp-json\/wp\/v2\/media\/7488"}],"wp:attachment":[{"href":"https:\/\/blogs.correiobraziliense.com.br\/cbpoder\/wp-json\/wp\/v2\/media?parent=7487"}],"wp:term":[{"taxonomy":"category","embeddable":true,"href":"https:\/\/blogs.correiobraziliense.com.br\/cbpoder\/wp-json\/wp\/v2\/categories?post=7487"},{"taxonomy":"post_tag","embeddable":true,"href":"https:\/\/blogs.correiobraziliense.com.br\/cbpoder\/wp-json\/wp\/v2\/tags?post=7487"}],"curies":[{"name":"wp","href":"https:\/\/api.w.org\/{rel}","templated":true}]}}