{"id":7482,"date":"2017-01-28T13:35:46","date_gmt":"2017-01-28T15:35:46","guid":{"rendered":"https:\/\/blogs.correiobraziliense.com.br\/cbpoder\/?p=7482"},"modified":"2017-01-28T13:37:32","modified_gmt":"2017-01-28T15:37:32","slug":"rollemberg-em-busca-de-um-articulador-politico","status":"publish","type":"post","link":"https:\/\/blogs.correiobraziliense.com.br\/cbpoder\/rollemberg-em-busca-de-um-articulador-politico\/","title":{"rendered":"Rollemberg em busca de um articulador pol\u00edtico"},"content":{"rendered":"<p>Vetos derrubados, derrota na elei\u00e7\u00e3o da Presid\u00eancia da C\u00e2mara Legislativa, embates duros com sindicatos e associa\u00e7\u00f5es da sociedade, falta de pronunciamentos p\u00fablicos de parlamentares aliados s\u00e3o sinais evidentes de que Rodrigo Rollemberg (PSB) precisa refor\u00e7ar a articula\u00e7\u00e3o pol\u00edtica. Nos \u00faltimos meses, o pr\u00f3prio governador tem se dedicado a esse papel. Ex-deputado distrital, ex-deputado federal e ex-senador, Rollemberg tem um perfil parlamentar. Talvez por isso tenha dificuldade de delegar essa atribui\u00e7\u00e3o a algu\u00e9m de sua equipe. Mas n\u00e3o \u00e9 s\u00f3 isso. Entre os auxiliares estrat\u00e9gicos, ningu\u00e9m tem a habilidade da costura pol\u00edtica. Por isso, Rollemberg procura algu\u00e9m para ajud\u00e1-lo a melhorar as rela\u00e7\u00f5es com a C\u00e2mara e com as entidades da sociedade. N\u00e3o \u00e9 tarefa f\u00e1cil encontrar algu\u00e9m que fale em nome do governo, com autoridade e que o represente. Mas Rollemberg precisa de tempo para a gest\u00e3o, para os compromissos p\u00fablicos e para inaugura\u00e7\u00f5es, principalmente neste ano, pr\u00e9-eleitoral em que precisa mostrar resultados para a popula\u00e7\u00e3o.<\/p>\n<h2><\/h2>\n<h2>Articulador indireto<\/h2>\n<p>Rodrigo Rollemberg, como mostrou a coluna ontem, convidou para a articula\u00e7\u00e3o pol\u00edtica, Pedro Ivo, o bra\u00e7o direito de Marina Silva, mas n\u00e3o deu certo pelos planos nacionais da Rede. Em outros momentos, o governador chamou para a fun\u00e7\u00e3o o superintendente regional do Sebrae, Valdir Oliveira (foto). Tamb\u00e9m n\u00e3o deu certo. Mas Valdir ajudou na reaproxima\u00e7\u00e3o entre Rollemberg e o presidente da C\u00e2mara, Joe Valle (PDT), logo depois da elei\u00e7\u00e3o, em dezembro.<\/p>\n<h2><\/h2>\n<h2>Adelmir foi uma op\u00e7\u00e3o<\/h2>\n<p>O ex-senador Adelmir Santana, presidente da Fecom\u00e9rcio, foi um dos nomes cotados pela equipe de Rodrigo Rollemberg na fase de transi\u00e7\u00e3o para a coordena\u00e7\u00e3o pol\u00edtica. Adelmir era apontado como um nome que poderia manter uma boa rela\u00e7\u00e3o com o Congresso e com a C\u00e2mara Legislativa. Na ocasi\u00e3o, no entanto, o governador eleito optou por Marcos Dantas, presidente do PSB-DF, da sua confian\u00e7a. Mas n\u00e3o funcionou. Tanto que Marc\u00e3o, como \u00e9 conhecido, assumiu outras responsabilidades. Foi para a Secretaria de Mobilidade e hoje est\u00e1 na Secretaria de Cidades. Cuida da pol\u00edtica, mas na rela\u00e7\u00e3o direta com a comunidade.<\/p>\n","protected":false},"excerpt":{"rendered":"<p>Vetos derrubados, derrota na elei\u00e7\u00e3o da Presid\u00eancia da C\u00e2mara Legislativa, embates duros com sindicatos e associa\u00e7\u00f5es da sociedade, falta de pronunciamentos p\u00fablicos de parlamentares aliados s\u00e3o sinais evidentes de que Rodrigo Rollemberg (PSB) precisa refor\u00e7ar a articula\u00e7\u00e3o pol\u00edtica. Nos \u00faltimos meses, o pr\u00f3prio governador tem se dedicado a esse papel. Ex-deputado distrital, ex-deputado federal e ex-senador, Rollemberg tem um perfil [&hellip;]<\/p>\n","protected":false},"author":9,"featured_media":7483,"comment_status":"open","ping_status":"closed","sticky":false,"template":"","format":"standard","meta":{"footnotes":""},"categories":[234],"tags":[],"class_list":["post-7482","post","type-post","status-publish","format-standard","has-post-thumbnail","hentry","category-cb-poder"],"_links":{"self":[{"href":"https:\/\/blogs.correiobraziliense.com.br\/cbpoder\/wp-json\/wp\/v2\/posts\/7482","targetHints":{"allow":["GET"]}}],"collection":[{"href":"https:\/\/blogs.correiobraziliense.com.br\/cbpoder\/wp-json\/wp\/v2\/posts"}],"about":[{"href":"https:\/\/blogs.correiobraziliense.com.br\/cbpoder\/wp-json\/wp\/v2\/types\/post"}],"author":[{"embeddable":true,"href":"https:\/\/blogs.correiobraziliense.com.br\/cbpoder\/wp-json\/wp\/v2\/users\/9"}],"replies":[{"embeddable":true,"href":"https:\/\/blogs.correiobraziliense.com.br\/cbpoder\/wp-json\/wp\/v2\/comments?post=7482"}],"version-history":[{"count":3,"href":"https:\/\/blogs.correiobraziliense.com.br\/cbpoder\/wp-json\/wp\/v2\/posts\/7482\/revisions"}],"predecessor-version":[{"id":7486,"href":"https:\/\/blogs.correiobraziliense.com.br\/cbpoder\/wp-json\/wp\/v2\/posts\/7482\/revisions\/7486"}],"wp:featuredmedia":[{"embeddable":true,"href":"https:\/\/blogs.correiobraziliense.com.br\/cbpoder\/wp-json\/wp\/v2\/media\/7483"}],"wp:attachment":[{"href":"https:\/\/blogs.correiobraziliense.com.br\/cbpoder\/wp-json\/wp\/v2\/media?parent=7482"}],"wp:term":[{"taxonomy":"category","embeddable":true,"href":"https:\/\/blogs.correiobraziliense.com.br\/cbpoder\/wp-json\/wp\/v2\/categories?post=7482"},{"taxonomy":"post_tag","embeddable":true,"href":"https:\/\/blogs.correiobraziliense.com.br\/cbpoder\/wp-json\/wp\/v2\/tags?post=7482"}],"curies":[{"name":"wp","href":"https:\/\/api.w.org\/{rel}","templated":true}]}}