{"id":7479,"date":"2017-01-28T13:30:29","date_gmt":"2017-01-28T15:30:29","guid":{"rendered":"https:\/\/blogs.correiobraziliense.com.br\/cbpoder\/?p=7479"},"modified":"2017-01-28T13:30:29","modified_gmt":"2017-01-28T15:30:29","slug":"atuacao-da-cldf-na-reducao-das-passagens-causou-prejuizo-de-r-2-milhoes-ao-gdf","status":"publish","type":"post","link":"https:\/\/blogs.correiobraziliense.com.br\/cbpoder\/atuacao-da-cldf-na-reducao-das-passagens-causou-prejuizo-de-r-2-milhoes-ao-gdf\/","title":{"rendered":"Atua\u00e7\u00e3o da CLDF na redu\u00e7\u00e3o das passagens causou preju\u00edzo de R$ 2 milh\u00f5es ao GDF"},"content":{"rendered":"<p>O GDF deixou de arrecadar R$ 2 milh\u00f5es no per\u00edodo de redu\u00e7\u00e3o das tarifas de \u00f4nibus nos \u00faltimos nove dias. Por causa do decreto-legislativo aprovado por 18 deputados que sustou o reajuste de 25% das passagens, o governo Rollemberg suspendeu, em 18 de janeiro, a medida. O c\u00e1lculo do preju\u00edzo nesse per\u00edodo de suspens\u00e3o foi feito por t\u00e9cnicos do governo. O novo pre\u00e7o come\u00e7a a valer novamente a partir de hoje, depois da decis\u00e3o do Conselho Especial do Tribunal de Justi\u00e7a do DF. Por 15 votos a seis, os desembargadores consideraram que a C\u00e2mara Legislativa extrapolou o poder.<\/p>\n<p>&nbsp;<\/p>\n<h2>Nova atua\u00e7\u00e3o para suspender reajuste<\/h2>\n<p>A C\u00e2mara Legislativa n\u00e3o desistiu de suspender o reajuste das tarifas. Como o Tribunal de Justi\u00e7a avaliou apenas o instrumento usado pelos deputados distritais, o decreto-legislativo, o presidente da Casa, Joe Valle (PDT), avalia que h\u00e1 possibilidade de cassar o aumento por meio de uma a\u00e7\u00e3o civil p\u00fablica. Pela segunda vez nesta semana, Joe esteve ontem com o procurador-geral de Justi\u00e7a do DF, Leonardo Bessa. Dessa vez, entregou um estudo sobre o reajuste das tarifas.<\/p>\n","protected":false},"excerpt":{"rendered":"<p>O GDF deixou de arrecadar R$ 2 milh\u00f5es no per\u00edodo de redu\u00e7\u00e3o das tarifas de \u00f4nibus nos \u00faltimos nove dias. Por causa do decreto-legislativo aprovado por 18 deputados que sustou o reajuste de 25% das passagens, o governo Rollemberg suspendeu, em 18 de janeiro, a medida. O c\u00e1lculo do preju\u00edzo nesse per\u00edodo de suspens\u00e3o foi feito por t\u00e9cnicos do governo. [&hellip;]<\/p>\n","protected":false},"author":9,"featured_media":7480,"comment_status":"open","ping_status":"closed","sticky":false,"template":"","format":"standard","meta":{"footnotes":""},"categories":[234],"tags":[],"class_list":["post-7479","post","type-post","status-publish","format-standard","has-post-thumbnail","hentry","category-cb-poder"],"_links":{"self":[{"href":"https:\/\/blogs.correiobraziliense.com.br\/cbpoder\/wp-json\/wp\/v2\/posts\/7479","targetHints":{"allow":["GET"]}}],"collection":[{"href":"https:\/\/blogs.correiobraziliense.com.br\/cbpoder\/wp-json\/wp\/v2\/posts"}],"about":[{"href":"https:\/\/blogs.correiobraziliense.com.br\/cbpoder\/wp-json\/wp\/v2\/types\/post"}],"author":[{"embeddable":true,"href":"https:\/\/blogs.correiobraziliense.com.br\/cbpoder\/wp-json\/wp\/v2\/users\/9"}],"replies":[{"embeddable":true,"href":"https:\/\/blogs.correiobraziliense.com.br\/cbpoder\/wp-json\/wp\/v2\/comments?post=7479"}],"version-history":[{"count":1,"href":"https:\/\/blogs.correiobraziliense.com.br\/cbpoder\/wp-json\/wp\/v2\/posts\/7479\/revisions"}],"predecessor-version":[{"id":7481,"href":"https:\/\/blogs.correiobraziliense.com.br\/cbpoder\/wp-json\/wp\/v2\/posts\/7479\/revisions\/7481"}],"wp:featuredmedia":[{"embeddable":true,"href":"https:\/\/blogs.correiobraziliense.com.br\/cbpoder\/wp-json\/wp\/v2\/media\/7480"}],"wp:attachment":[{"href":"https:\/\/blogs.correiobraziliense.com.br\/cbpoder\/wp-json\/wp\/v2\/media?parent=7479"}],"wp:term":[{"taxonomy":"category","embeddable":true,"href":"https:\/\/blogs.correiobraziliense.com.br\/cbpoder\/wp-json\/wp\/v2\/categories?post=7479"},{"taxonomy":"post_tag","embeddable":true,"href":"https:\/\/blogs.correiobraziliense.com.br\/cbpoder\/wp-json\/wp\/v2\/tags?post=7479"}],"curies":[{"name":"wp","href":"https:\/\/api.w.org\/{rel}","templated":true}]}}