{"id":7477,"date":"2017-01-27T18:57:07","date_gmt":"2017-01-27T20:57:07","guid":{"rendered":"https:\/\/blogs.correiobraziliense.com.br\/cbpoder\/?p=7477"},"modified":"2017-01-27T18:57:07","modified_gmt":"2017-01-27T20:57:07","slug":"acao-contra-o-reajuste-das-passagens-chega-justica","status":"publish","type":"post","link":"https:\/\/blogs.correiobraziliense.com.br\/cbpoder\/acao-contra-o-reajuste-das-passagens-chega-justica\/","title":{"rendered":"A\u00e7\u00e3o contra o reajuste das passagens chega \u00e0 Justi\u00e7a"},"content":{"rendered":"<p><strong>ANA VIRIATO<\/strong><\/p>\n<p>Tr\u00eas dias ap\u00f3s o Conselho Especial do Tribunal de Justi\u00e7a do DF e dos Territ\u00f3rios (TJDFT) \u00a0autorizar o Executivo local a restabelecer o reajuste nos valores dos bilhetes do transporte p\u00fablico, a Executiva do PT ajuizou uma a\u00e7\u00e3o popular com pedido de tutela antecipada contr\u00e1ria \u00e0 revis\u00e3o tarif\u00e1ria. O documento de mais de 700 p\u00e1ginas, protocolado no Judici\u00e1rio local nesta sexta-feira (27\/1), aponta supostas ilegalidades no processo de instaura\u00e7\u00e3o das altas dos bilhetes e solicita a suspens\u00e3o do aumento at\u00e9 que o m\u00e9rito da mat\u00e9ria seja analisado.<\/p>\n<p>&nbsp;<\/p>\n<p>A maior parte das argumenta\u00e7\u00f5es estabelecidas na a\u00e7\u00e3o popular veio\u00a0do estudo do grupo t\u00e9cnico, instaurado na C\u00e2mara Legislativa neste m\u00eas, para inspecionar o sistema de coletivos e da malha metrovi\u00e1ria.\u00a0Entre as justificativas, o grupo aponta que o Executivo local descumpriu a diretriz de fixar o valor dos bilhetes \u201ccom base em estudos de custos e tarifas desenvolvidos pela unidade gestora, observadas as disposi\u00e7\u00f5es legais e ouvido, previamente, o Conselho de Transporte P\u00fablico Comunit\u00e1rio\u201d.<\/p>\n<p>&nbsp;<\/p>\n<p>Outro ponto ressaltado \u00e9 a magnitude da segunda corre\u00e7\u00e3o estabelecida durante a gest\u00e3o de Rodrigo Rollemberg (PSB). &#8220;Entendemos que o reajuste de 75%, ao longo de dois anos, n\u00e3o cabe no or\u00e7amento da popula\u00e7\u00e3o&#8221;, defendeu o l\u00edder do PT na C\u00e2mara Legislativa, Wasny de Roure.<\/p>\n<p>&nbsp;<\/p>\n<p>As passagens de \u00f4nibus e do metr\u00f4 voltam a ficar mais caras a partir deste s\u00e1bado (28\/1). As viagens de R$ 2,25 passar\u00e3o para R$ 2,50 e as que custam R$ 3 v\u00e3o custar R$ 3,50. Os percursos mais longos, que antes valiam R$ 4, passam para R$ 5.<\/p>\n<p>&nbsp;<\/p>\n<h2>C\u00e2mara Legislativa<\/h2>\n<p>Nesta sexta-feira, o presidente do Legislativo local, Joe Valle (PDT), tamb\u00e9m movimentou-se em rela\u00e7\u00e3o aos aumentos. O pedetista esteve no Minist\u00e9rio P\u00fablico do DF e Territ\u00f3rios (MPDFT) para entregar a documenta\u00e7\u00e3o levantada pela C\u00e2mara em rela\u00e7\u00e3o \u00e0s incoer\u00eancias identificadas no sistema de transporte p\u00fablico brasiliense.<\/p>\n<p>&nbsp;<\/p>\n<p>&#8220;Estamos buscando mais uma alternativa para a popula\u00e7\u00e3o de Bras\u00edlia. Fazemos mais uma vez o apelo ao governador Rodrigo Rollemberg, para que suspenda o reajuste e para que possamos, junto com a popula\u00e7\u00e3o, discutir solu\u00e7\u00f5es definitivas para o setor&#8221;, defendeu o presidente da c\u00fapula da Casa.<\/p>\n<p>&nbsp;<\/p>\n<p>O procurador-geral do MPDFT, Leonardo Bessa, ao receber os documentos, alegou que iria anex\u00e1-los ao material existente no \u00f3rg\u00e3o. Participaram do encontro, ainda, o procurador da C\u00e2mara, Arnaldo Siqueira, e o promotor de Justi\u00e7a Moacyr Filho.<\/p>\n","protected":false},"excerpt":{"rendered":"<p>ANA VIRIATO Tr\u00eas dias ap\u00f3s o Conselho Especial do Tribunal de Justi\u00e7a do DF e dos Territ\u00f3rios (TJDFT) \u00a0autorizar o Executivo local a restabelecer o reajuste nos valores dos bilhetes do transporte p\u00fablico, a Executiva do PT ajuizou uma a\u00e7\u00e3o popular com pedido de tutela antecipada contr\u00e1ria \u00e0 revis\u00e3o tarif\u00e1ria. O documento de mais de 700 p\u00e1ginas, protocolado no Judici\u00e1rio [&hellip;]<\/p>\n","protected":false},"author":9,"featured_media":0,"comment_status":"open","ping_status":"closed","sticky":false,"template":"","format":"standard","meta":{"footnotes":""},"categories":[234],"tags":[],"class_list":["post-7477","post","type-post","status-publish","format-standard","hentry","category-cb-poder"],"_links":{"self":[{"href":"https:\/\/blogs.correiobraziliense.com.br\/cbpoder\/wp-json\/wp\/v2\/posts\/7477","targetHints":{"allow":["GET"]}}],"collection":[{"href":"https:\/\/blogs.correiobraziliense.com.br\/cbpoder\/wp-json\/wp\/v2\/posts"}],"about":[{"href":"https:\/\/blogs.correiobraziliense.com.br\/cbpoder\/wp-json\/wp\/v2\/types\/post"}],"author":[{"embeddable":true,"href":"https:\/\/blogs.correiobraziliense.com.br\/cbpoder\/wp-json\/wp\/v2\/users\/9"}],"replies":[{"embeddable":true,"href":"https:\/\/blogs.correiobraziliense.com.br\/cbpoder\/wp-json\/wp\/v2\/comments?post=7477"}],"version-history":[{"count":1,"href":"https:\/\/blogs.correiobraziliense.com.br\/cbpoder\/wp-json\/wp\/v2\/posts\/7477\/revisions"}],"predecessor-version":[{"id":7478,"href":"https:\/\/blogs.correiobraziliense.com.br\/cbpoder\/wp-json\/wp\/v2\/posts\/7477\/revisions\/7478"}],"wp:attachment":[{"href":"https:\/\/blogs.correiobraziliense.com.br\/cbpoder\/wp-json\/wp\/v2\/media?parent=7477"}],"wp:term":[{"taxonomy":"category","embeddable":true,"href":"https:\/\/blogs.correiobraziliense.com.br\/cbpoder\/wp-json\/wp\/v2\/categories?post=7477"},{"taxonomy":"post_tag","embeddable":true,"href":"https:\/\/blogs.correiobraziliense.com.br\/cbpoder\/wp-json\/wp\/v2\/tags?post=7477"}],"curies":[{"name":"wp","href":"https:\/\/api.w.org\/{rel}","templated":true}]}}