{"id":7424,"date":"2017-01-24T17:07:17","date_gmt":"2017-01-24T19:07:17","guid":{"rendered":"https:\/\/blogs.correiobraziliense.com.br\/cbpoder\/?p=7424"},"modified":"2017-01-24T17:12:20","modified_gmt":"2017-01-24T19:12:20","slug":"por-15-votos-6-justica-valida-decreto-de-rollemberg-para-reajuste-das-tarifas-de-onibus","status":"publish","type":"post","link":"https:\/\/blogs.correiobraziliense.com.br\/cbpoder\/por-15-votos-6-justica-valida-decreto-de-rollemberg-para-reajuste-das-tarifas-de-onibus\/","title":{"rendered":"Por 15 votos a 6, Justi\u00e7a valida decreto de Rollemberg para reajuste das tarifas de \u00f4nibus"},"content":{"rendered":"<p>HELENA MADER E ANA VIRIATO<\/p>\n<p>O GDF est\u00e1 autorizado a reajustar os pre\u00e7os das tarifas do transporte p\u00fablico. O Conselho Especial do Tribunal de Justi\u00e7a julgou inconstitucional o decreto legislativo que derrubou os aumentos das passagens. Por 15 votos a 6, os desembargadores entenderam que os distritais extrapolaram seus limites de atua\u00e7\u00e3o ao sustar um ato do chefe do Executivo. Ap\u00f3s a publica\u00e7\u00e3o da decis\u00e3o da tarde desta ter\u00e7a-feira, o GDF poder\u00e1 reajustar novamente o pre\u00e7o das tarifas.<\/p>\n<p>Os valores subiram at\u00e9 25% em 2 de janeiro. Mas, 10 dias depois, os deputados distritais aprovaram o decreto legislativo derrubando os reajustes. O GDF entrou com uma a\u00e7\u00e3o direta de inconstitucionalidade contra o decreto.<\/p>\n<p>A maioria dos desembargadores entendeu que o governador tem atribui\u00e7\u00e3o legal de reajustar tarifas. Muitos magistrados destacaram a situa\u00e7\u00e3o financeira delicada do poder p\u00fablico e lembraram que, sem revis\u00e3o do pre\u00e7o das passagens, o transporte p\u00fablico poderia parar. O entendimento do relator, desembargador Get\u00falio de Moraes Oliveira, prevaleceu na Corte.<\/p>\n","protected":false},"excerpt":{"rendered":"<p>HELENA MADER E ANA VIRIATO O GDF est\u00e1 autorizado a reajustar os pre\u00e7os das tarifas do transporte p\u00fablico. O Conselho Especial do Tribunal de Justi\u00e7a julgou inconstitucional o decreto legislativo que derrubou os aumentos das passagens. Por 15 votos a 6, os desembargadores entenderam que os distritais extrapolaram seus limites de atua\u00e7\u00e3o ao sustar um ato do chefe do Executivo. [&hellip;]<\/p>\n","protected":false},"author":9,"featured_media":0,"comment_status":"open","ping_status":"closed","sticky":false,"template":"","format":"standard","meta":{"footnotes":""},"categories":[234],"tags":[],"class_list":["post-7424","post","type-post","status-publish","format-standard","hentry","category-cb-poder"],"_links":{"self":[{"href":"https:\/\/blogs.correiobraziliense.com.br\/cbpoder\/wp-json\/wp\/v2\/posts\/7424","targetHints":{"allow":["GET"]}}],"collection":[{"href":"https:\/\/blogs.correiobraziliense.com.br\/cbpoder\/wp-json\/wp\/v2\/posts"}],"about":[{"href":"https:\/\/blogs.correiobraziliense.com.br\/cbpoder\/wp-json\/wp\/v2\/types\/post"}],"author":[{"embeddable":true,"href":"https:\/\/blogs.correiobraziliense.com.br\/cbpoder\/wp-json\/wp\/v2\/users\/9"}],"replies":[{"embeddable":true,"href":"https:\/\/blogs.correiobraziliense.com.br\/cbpoder\/wp-json\/wp\/v2\/comments?post=7424"}],"version-history":[{"count":3,"href":"https:\/\/blogs.correiobraziliense.com.br\/cbpoder\/wp-json\/wp\/v2\/posts\/7424\/revisions"}],"predecessor-version":[{"id":7428,"href":"https:\/\/blogs.correiobraziliense.com.br\/cbpoder\/wp-json\/wp\/v2\/posts\/7424\/revisions\/7428"}],"wp:attachment":[{"href":"https:\/\/blogs.correiobraziliense.com.br\/cbpoder\/wp-json\/wp\/v2\/media?parent=7424"}],"wp:term":[{"taxonomy":"category","embeddable":true,"href":"https:\/\/blogs.correiobraziliense.com.br\/cbpoder\/wp-json\/wp\/v2\/categories?post=7424"},{"taxonomy":"post_tag","embeddable":true,"href":"https:\/\/blogs.correiobraziliense.com.br\/cbpoder\/wp-json\/wp\/v2\/tags?post=7424"}],"curies":[{"name":"wp","href":"https:\/\/api.w.org\/{rel}","templated":true}]}}