{"id":7419,"date":"2017-01-24T15:49:07","date_gmt":"2017-01-24T17:49:07","guid":{"rendered":"https:\/\/blogs.correiobraziliense.com.br\/cbpoder\/?p=7419"},"modified":"2017-01-24T15:51:04","modified_gmt":"2017-01-24T17:51:04","slug":"julgamento-do-reajuste-de-tarifas-de-onibus-relator-vota-contra-decreto-da-camara","status":"publish","type":"post","link":"https:\/\/blogs.correiobraziliense.com.br\/cbpoder\/julgamento-do-reajuste-de-tarifas-de-onibus-relator-vota-contra-decreto-da-camara\/","title":{"rendered":"Julgamento do reajuste de tarifas de \u00f4nibus: relator vota contra decreto da C\u00e2mara"},"content":{"rendered":"<p>HELENA MADER<\/p>\n<p>O desembargador Get\u00falio Moares Oliveira, relator da a\u00e7\u00e3o direta de inconstitucionalidade que trata do reajuste das tarifas de \u00f4nibus, considerou que o decreto do governador Rodrigo Rollemberg (PSB) atendeu \u00e0s exig\u00eancias legais.<\/p>\n<p>Get\u00falio julgou procedente a a\u00e7\u00e3o do governador contra o decreto legislativo que sustou o reajuste de 25% das passagens de transporte p\u00fablico. Seguiu a posi\u00e7\u00e3o defendida pelo Minist\u00e9rio P\u00fablico e pela Procuradoria-Geral do DF.<\/p>\n<p>O desembargador Rom\u00e3o C\u00edcero abriu a diverg\u00eancia. Ele considerou que o ato da C\u00e2mara Legislativa foi v\u00e1lido do ponto de vista do que estabelece a Lei Org\u00e2nica do DF.<\/p>\n<p>A desembargadora Carmelita Brasil foi a terceira a votar. Ela seguiu o voto do desembargador Rom\u00e3o C\u00edcero, contra a Adin do Executivo.\u00a0&#8220;A quest\u00e3o da exorbit\u00e2ncia n\u00e3o pode ter a interpreta\u00e7\u00e3o t\u00e3o restritiva. Todo e qualquer ato do poder Executivo que se materializa atrav\u00e9s de decreto pode ser sustado, conforme as normas. Inclusive quando fixam-se novas tarifas&#8221;, afirnou Carmelita.<\/p>\n<p>A seguir mais informa\u00e7\u00f5es<\/p>\n","protected":false},"excerpt":{"rendered":"<p>HELENA MADER O desembargador Get\u00falio Moares Oliveira, relator da a\u00e7\u00e3o direta de inconstitucionalidade que trata do reajuste das tarifas de \u00f4nibus, considerou que o decreto do governador Rodrigo Rollemberg (PSB) atendeu \u00e0s exig\u00eancias legais. Get\u00falio julgou procedente a a\u00e7\u00e3o do governador contra o decreto legislativo que sustou o reajuste de 25% das passagens de transporte p\u00fablico. Seguiu a posi\u00e7\u00e3o defendida [&hellip;]<\/p>\n","protected":false},"author":9,"featured_media":7420,"comment_status":"open","ping_status":"closed","sticky":false,"template":"","format":"standard","meta":{"footnotes":""},"categories":[234],"tags":[],"class_list":["post-7419","post","type-post","status-publish","format-standard","has-post-thumbnail","hentry","category-cb-poder"],"_links":{"self":[{"href":"https:\/\/blogs.correiobraziliense.com.br\/cbpoder\/wp-json\/wp\/v2\/posts\/7419","targetHints":{"allow":["GET"]}}],"collection":[{"href":"https:\/\/blogs.correiobraziliense.com.br\/cbpoder\/wp-json\/wp\/v2\/posts"}],"about":[{"href":"https:\/\/blogs.correiobraziliense.com.br\/cbpoder\/wp-json\/wp\/v2\/types\/post"}],"author":[{"embeddable":true,"href":"https:\/\/blogs.correiobraziliense.com.br\/cbpoder\/wp-json\/wp\/v2\/users\/9"}],"replies":[{"embeddable":true,"href":"https:\/\/blogs.correiobraziliense.com.br\/cbpoder\/wp-json\/wp\/v2\/comments?post=7419"}],"version-history":[{"count":3,"href":"https:\/\/blogs.correiobraziliense.com.br\/cbpoder\/wp-json\/wp\/v2\/posts\/7419\/revisions"}],"predecessor-version":[{"id":7423,"href":"https:\/\/blogs.correiobraziliense.com.br\/cbpoder\/wp-json\/wp\/v2\/posts\/7419\/revisions\/7423"}],"wp:featuredmedia":[{"embeddable":true,"href":"https:\/\/blogs.correiobraziliense.com.br\/cbpoder\/wp-json\/wp\/v2\/media\/7420"}],"wp:attachment":[{"href":"https:\/\/blogs.correiobraziliense.com.br\/cbpoder\/wp-json\/wp\/v2\/media?parent=7419"}],"wp:term":[{"taxonomy":"category","embeddable":true,"href":"https:\/\/blogs.correiobraziliense.com.br\/cbpoder\/wp-json\/wp\/v2\/categories?post=7419"},{"taxonomy":"post_tag","embeddable":true,"href":"https:\/\/blogs.correiobraziliense.com.br\/cbpoder\/wp-json\/wp\/v2\/tags?post=7419"}],"curies":[{"name":"wp","href":"https:\/\/api.w.org\/{rel}","templated":true}]}}