{"id":7416,"date":"2017-01-24T15:24:59","date_gmt":"2017-01-24T17:24:59","guid":{"rendered":"https:\/\/blogs.correiobraziliense.com.br\/cbpoder\/?p=7416"},"modified":"2017-01-24T15:26:21","modified_gmt":"2017-01-24T17:26:21","slug":"ministerio-publico-vai-analisar-legalidade-do-reajuste-de-tarifas-de-onibus","status":"publish","type":"post","link":"https:\/\/blogs.correiobraziliense.com.br\/cbpoder\/ministerio-publico-vai-analisar-legalidade-do-reajuste-de-tarifas-de-onibus\/","title":{"rendered":"Minist\u00e9rio P\u00fablico vai analisar legalidade do reajuste de tarifas de \u00f4nibus"},"content":{"rendered":"<p>HELENA MADER<\/p>\n<p>O procurador-geral de Justi\u00e7a do DF, Leonardo Bessa, anunciou nesta ter\u00e7a-feira que o Minist\u00e9rio P\u00fablico do Distrito Federal vai analisar a legalidade do reajuste das tarifas do transporte p\u00fablico. Durante o julgamento da a\u00e7\u00e3o direta de inconstitucionalidade contra o decreto legislativo que derrubou o aumento das passagens, Bessa defendeu que o texto aprovado pelos distritais \u00e9 inconstitucional, mesma tese apoiada pelo governo.<\/p>\n<p>Mas, para Bessa, a legalidade do reajuste tem que ser debatida. Para isso, ele encaminhou o caso \u00e0 Procuradoria dos Direitos dos Cidad\u00e3os e \u00e0 Promotoria de Defesa do Consumidor. &#8220;Os questionamentos acerca da modicidade das tarifas, da transpar\u00eancia e da necessidade de oitiva pr\u00e9via do Conselho de Transporte P\u00fablico s\u00e3o relevantes, mas n\u00e3o devem ser analisados neste julgamento&#8221;, explicou o procurador-geral de Justi\u00e7a.<\/p>\n<p>Bessa defendeu que o decreto editado por Rodrigo Rollemberg para reajustar as passagens foi legal, &#8220;visto que \u00e9 atribui\u00e7\u00e3o do Poder Executivo fixar ou majorar tarifas&#8221;.<\/p>\n","protected":false},"excerpt":{"rendered":"<p>HELENA MADER O procurador-geral de Justi\u00e7a do DF, Leonardo Bessa, anunciou nesta ter\u00e7a-feira que o Minist\u00e9rio P\u00fablico do Distrito Federal vai analisar a legalidade do reajuste das tarifas do transporte p\u00fablico. Durante o julgamento da a\u00e7\u00e3o direta de inconstitucionalidade contra o decreto legislativo que derrubou o aumento das passagens, Bessa defendeu que o texto aprovado pelos distritais \u00e9 inconstitucional, mesma [&hellip;]<\/p>\n","protected":false},"author":9,"featured_media":0,"comment_status":"open","ping_status":"closed","sticky":false,"template":"","format":"standard","meta":{"footnotes":""},"categories":[234],"tags":[576,428,498,575],"class_list":["post-7416","post","type-post","status-publish","format-standard","hentry","category-cb-poder","tag-legalidade","tag-leonardo-bessa","tag-mpdft","tag-tarifa-de-onibus"],"_links":{"self":[{"href":"https:\/\/blogs.correiobraziliense.com.br\/cbpoder\/wp-json\/wp\/v2\/posts\/7416","targetHints":{"allow":["GET"]}}],"collection":[{"href":"https:\/\/blogs.correiobraziliense.com.br\/cbpoder\/wp-json\/wp\/v2\/posts"}],"about":[{"href":"https:\/\/blogs.correiobraziliense.com.br\/cbpoder\/wp-json\/wp\/v2\/types\/post"}],"author":[{"embeddable":true,"href":"https:\/\/blogs.correiobraziliense.com.br\/cbpoder\/wp-json\/wp\/v2\/users\/9"}],"replies":[{"embeddable":true,"href":"https:\/\/blogs.correiobraziliense.com.br\/cbpoder\/wp-json\/wp\/v2\/comments?post=7416"}],"version-history":[{"count":2,"href":"https:\/\/blogs.correiobraziliense.com.br\/cbpoder\/wp-json\/wp\/v2\/posts\/7416\/revisions"}],"predecessor-version":[{"id":7418,"href":"https:\/\/blogs.correiobraziliense.com.br\/cbpoder\/wp-json\/wp\/v2\/posts\/7416\/revisions\/7418"}],"wp:attachment":[{"href":"https:\/\/blogs.correiobraziliense.com.br\/cbpoder\/wp-json\/wp\/v2\/media?parent=7416"}],"wp:term":[{"taxonomy":"category","embeddable":true,"href":"https:\/\/blogs.correiobraziliense.com.br\/cbpoder\/wp-json\/wp\/v2\/categories?post=7416"},{"taxonomy":"post_tag","embeddable":true,"href":"https:\/\/blogs.correiobraziliense.com.br\/cbpoder\/wp-json\/wp\/v2\/tags?post=7416"}],"curies":[{"name":"wp","href":"https:\/\/api.w.org\/{rel}","templated":true}]}}