{"id":7294,"date":"2017-01-16T12:04:55","date_gmt":"2017-01-16T14:04:55","guid":{"rendered":"https:\/\/blogs.correiobraziliense.com.br\/cbpoder\/?p=7294"},"modified":"2017-01-16T12:29:18","modified_gmt":"2017-01-16T14:29:18","slug":"irrigacao-contribuiu-para-crise-hidrica","status":"publish","type":"post","link":"https:\/\/blogs.correiobraziliense.com.br\/cbpoder\/irrigacao-contribuiu-para-crise-hidrica\/","title":{"rendered":"Irriga\u00e7\u00e3o ilegal na zona rural colaborou para a crise h\u00eddrica"},"content":{"rendered":"<p>Produtores rurais, com a \u201cutiliza\u00e7\u00e3o irregular de instrumentos destinados \u00e0 irriga\u00e7\u00e3o\u201d, eram apontados, em um relat\u00f3rio do Siv-\u00c1gua, \u00f3rg\u00e3o da Secretaria de Seguran\u00e7a P\u00fablica, como uma das causas graves da crescente redu\u00e7\u00e3o dos n\u00edveis dos reservat\u00f3rios de \u00e1gua na <a href=\"http:\/\/www.correiobraziliense.com.br\/app\/noticia\/cidades\/2016\/09\/26\/interna_cidadesdf,550394\/crise-hidrica-invasoes-poem-em-risco-abastecimento-no-distrito-federa.shtml\">Bacia do Descoberto<\/a>. O documento foi elaborado h\u00e1 13 anos.<\/p>\n<p>&nbsp;<\/p>\n<p>Agricultores e pecuaristas utilizavam \u00e1reas de preserva\u00e7\u00e3o permanente o que, segundo o relat\u00f3rio, \u201ccompromete a qualidade e a vaz\u00e3o do reservat\u00f3rio\u201d. Diz o texto: \u201cUrge a necessidade de mudan\u00e7as de alguns paradigmas do desenvolvimento, com a busca de racionaliza\u00e7\u00e3o e otimiza\u00e7\u00e3o do uso da \u00e1gua e dos recursos ambientais como forma de manuten\u00e7\u00e3o da qualidade e quantidade dos recursos h\u00eddricos\u201d. A falta de pr\u00e1ticas de manejo para conserva\u00e7\u00e3o do solo tamb\u00e9m era preocupante por causar eros\u00f5es e assoreamento.<\/p>\n","protected":false},"excerpt":{"rendered":"<p>Produtores rurais, com a \u201cutiliza\u00e7\u00e3o irregular de instrumentos destinados \u00e0 irriga\u00e7\u00e3o\u201d, eram apontados, em um relat\u00f3rio do Siv-\u00c1gua, \u00f3rg\u00e3o da Secretaria de Seguran\u00e7a P\u00fablica, como uma das causas graves da crescente redu\u00e7\u00e3o dos n\u00edveis dos reservat\u00f3rios de \u00e1gua na Bacia do Descoberto. O documento foi elaborado h\u00e1 13 anos. &nbsp; Agricultores e pecuaristas utilizavam \u00e1reas de preserva\u00e7\u00e3o permanente o que, [&hellip;]<\/p>\n","protected":false},"author":9,"featured_media":7295,"comment_status":"open","ping_status":"closed","sticky":false,"template":"","format":"standard","meta":{"footnotes":""},"categories":[234],"tags":[],"class_list":["post-7294","post","type-post","status-publish","format-standard","has-post-thumbnail","hentry","category-cb-poder"],"_links":{"self":[{"href":"https:\/\/blogs.correiobraziliense.com.br\/cbpoder\/wp-json\/wp\/v2\/posts\/7294","targetHints":{"allow":["GET"]}}],"collection":[{"href":"https:\/\/blogs.correiobraziliense.com.br\/cbpoder\/wp-json\/wp\/v2\/posts"}],"about":[{"href":"https:\/\/blogs.correiobraziliense.com.br\/cbpoder\/wp-json\/wp\/v2\/types\/post"}],"author":[{"embeddable":true,"href":"https:\/\/blogs.correiobraziliense.com.br\/cbpoder\/wp-json\/wp\/v2\/users\/9"}],"replies":[{"embeddable":true,"href":"https:\/\/blogs.correiobraziliense.com.br\/cbpoder\/wp-json\/wp\/v2\/comments?post=7294"}],"version-history":[{"count":3,"href":"https:\/\/blogs.correiobraziliense.com.br\/cbpoder\/wp-json\/wp\/v2\/posts\/7294\/revisions"}],"predecessor-version":[{"id":7298,"href":"https:\/\/blogs.correiobraziliense.com.br\/cbpoder\/wp-json\/wp\/v2\/posts\/7294\/revisions\/7298"}],"wp:featuredmedia":[{"embeddable":true,"href":"https:\/\/blogs.correiobraziliense.com.br\/cbpoder\/wp-json\/wp\/v2\/media\/7295"}],"wp:attachment":[{"href":"https:\/\/blogs.correiobraziliense.com.br\/cbpoder\/wp-json\/wp\/v2\/media?parent=7294"}],"wp:term":[{"taxonomy":"category","embeddable":true,"href":"https:\/\/blogs.correiobraziliense.com.br\/cbpoder\/wp-json\/wp\/v2\/categories?post=7294"},{"taxonomy":"post_tag","embeddable":true,"href":"https:\/\/blogs.correiobraziliense.com.br\/cbpoder\/wp-json\/wp\/v2\/tags?post=7294"}],"curies":[{"name":"wp","href":"https:\/\/api.w.org\/{rel}","templated":true}]}}