{"id":7285,"date":"2017-01-14T19:33:26","date_gmt":"2017-01-14T21:33:26","guid":{"rendered":"https:\/\/blogs.correiobraziliense.com.br\/cbpoder\/?p=7285"},"modified":"2017-01-14T19:33:26","modified_gmt":"2017-01-14T21:33:26","slug":"sindicancia-sem-prazo-para-conclusao","status":"publish","type":"post","link":"https:\/\/blogs.correiobraziliense.com.br\/cbpoder\/sindicancia-sem-prazo-para-conclusao\/","title":{"rendered":"Sindic\u00e2ncia contra Luiz Estev\u00e3o e delegados n\u00e3o tem prazo para terminar"},"content":{"rendered":"<div><\/div>\n<div>A sindic\u00e2ncia aberta em agosto de 2016 para investigar irregularidades na reforma do Centro de Deten\u00e7\u00e3o Provis\u00f3ria (CDP) da Papuda n\u00e3o foi conclu\u00edda at\u00e9 hoje.<\/div>\n<div><\/div>\n<div>De acordo com o Minist\u00e9rio P\u00fablico do Distrito Federal, que entrou com a\u00e7\u00e3o de improbidade contra quatro pessoas, a obra teria sido paga pelo empres\u00e1rio Luiz Estev\u00e3o, que hoje est\u00e1 preso na unidade.<\/div>\n<div><\/div>\n<div>H\u00e1 cinco meses, a Secretaria de Seguran\u00e7a P\u00fablica e Paz Social abriu um procedimento interno para apurar o caso, mas o prazo de conclus\u00e3o foi sucessivamente prorrogado e os trabalhos ainda n\u00e3o terminaram.<\/div>\n<div><\/div>\n<div>Acusados ainda n\u00e3o foram ouvidos<\/div>\n<div>S\u00e3o alvos da sindic\u00e2ncia o ent\u00e3o subsecret\u00e1rio do Sistema Penitenci\u00e1rio, Cl\u00e1udio de Moura Magalh\u00e3es; o coordenador-geral do sistema \u00e0 \u00e9poca, Jo\u00e3o Helder Ramos Feitosa; e o ex-diretor do CDP Murilo da Cunha.<\/div>\n<div><\/div>\n<div>Os tr\u00eas s\u00e3o delegados da Pol\u00edcia Civil do DF. O caso ocorreu durante a gest\u00e3o de Agnelo Queiroz.<\/div>\n<div><\/div>\n<div>A Secretaria de Seguran\u00e7a P\u00fablica informou que o processo est\u00e1 em fase de instru\u00e7\u00e3o. \u201cDiversas testemunhas j\u00e1 foram ouvidas. A \u00faltima etapa ser\u00e1 o interrogat\u00f3rio de tr\u00eas indicados na sindic\u00e2ncia\u201d, explicou a pasta. A secretaria garante que \u201cest\u00e3o sendo cumpridos os tr\u00e2mites legais e que conta com respaldo jur\u00eddico para a prorroga\u00e7\u00e3o do prazo de conclus\u00e3o da investiga\u00e7\u00e3o\u201d.<\/div>\n<div><\/div>\n<div>Reforma paga pelo empres\u00e1rio<\/div>\n<div>A a\u00e7\u00e3o de improbidade do Minist\u00e9rio P\u00fablico tramita na 1\u00aa Vara da Fazenda P\u00fablica do DF. No m\u00eas passado, a Justi\u00e7a convocou representantes da Comiss\u00e3o Permanente de Disciplina da Secretaria de Seguran\u00e7a P\u00fablica.<\/div>\n<div><\/div>\n<div>Segundo o MP, os acusados passaram por cima das normas legais e promoveram a execu\u00e7\u00e3o da obra de reforma do Bloco 5 do CDP e de constru\u00e7\u00e3o de um galp\u00e3o, com a participa\u00e7\u00e3o da sociedade empresarial SR2 e do Grupo OK, ambos ligados ao ex-senador Luiz Estev\u00e3o.<\/div>\n<div><\/div>\n<div>Os tr\u00eas delegados e o empres\u00e1rio s\u00e3o alvos da a\u00e7\u00e3o de improbidade.<\/div>\n","protected":false},"excerpt":{"rendered":"<p>A sindic\u00e2ncia aberta em agosto de 2016 para investigar irregularidades na reforma do Centro de Deten\u00e7\u00e3o Provis\u00f3ria (CDP) da Papuda n\u00e3o foi conclu\u00edda at\u00e9 hoje. De acordo com o Minist\u00e9rio P\u00fablico do Distrito Federal, que entrou com a\u00e7\u00e3o de improbidade contra quatro pessoas, a obra teria sido paga pelo empres\u00e1rio Luiz Estev\u00e3o, que hoje est\u00e1 preso na unidade. H\u00e1 cinco [&hellip;]<\/p>\n","protected":false},"author":9,"featured_media":7286,"comment_status":"open","ping_status":"closed","sticky":false,"template":"","format":"standard","meta":{"footnotes":""},"categories":[234],"tags":[],"class_list":["post-7285","post","type-post","status-publish","format-standard","has-post-thumbnail","hentry","category-cb-poder"],"_links":{"self":[{"href":"https:\/\/blogs.correiobraziliense.com.br\/cbpoder\/wp-json\/wp\/v2\/posts\/7285","targetHints":{"allow":["GET"]}}],"collection":[{"href":"https:\/\/blogs.correiobraziliense.com.br\/cbpoder\/wp-json\/wp\/v2\/posts"}],"about":[{"href":"https:\/\/blogs.correiobraziliense.com.br\/cbpoder\/wp-json\/wp\/v2\/types\/post"}],"author":[{"embeddable":true,"href":"https:\/\/blogs.correiobraziliense.com.br\/cbpoder\/wp-json\/wp\/v2\/users\/9"}],"replies":[{"embeddable":true,"href":"https:\/\/blogs.correiobraziliense.com.br\/cbpoder\/wp-json\/wp\/v2\/comments?post=7285"}],"version-history":[{"count":1,"href":"https:\/\/blogs.correiobraziliense.com.br\/cbpoder\/wp-json\/wp\/v2\/posts\/7285\/revisions"}],"predecessor-version":[{"id":7287,"href":"https:\/\/blogs.correiobraziliense.com.br\/cbpoder\/wp-json\/wp\/v2\/posts\/7285\/revisions\/7287"}],"wp:featuredmedia":[{"embeddable":true,"href":"https:\/\/blogs.correiobraziliense.com.br\/cbpoder\/wp-json\/wp\/v2\/media\/7286"}],"wp:attachment":[{"href":"https:\/\/blogs.correiobraziliense.com.br\/cbpoder\/wp-json\/wp\/v2\/media?parent=7285"}],"wp:term":[{"taxonomy":"category","embeddable":true,"href":"https:\/\/blogs.correiobraziliense.com.br\/cbpoder\/wp-json\/wp\/v2\/categories?post=7285"},{"taxonomy":"post_tag","embeddable":true,"href":"https:\/\/blogs.correiobraziliense.com.br\/cbpoder\/wp-json\/wp\/v2\/tags?post=7285"}],"curies":[{"name":"wp","href":"https:\/\/api.w.org\/{rel}","templated":true}]}}