{"id":7277,"date":"2017-01-13T11:09:21","date_gmt":"2017-01-13T13:09:21","guid":{"rendered":"https:\/\/blogs.correiobraziliense.com.br\/cbpoder\/?p=7277"},"modified":"2017-01-13T11:09:53","modified_gmt":"2017-01-13T13:09:53","slug":"deputados-comemoram-vitoria-em-queda-de-braco-com-o-governo-sobre-reajustes","status":"publish","type":"post","link":"https:\/\/blogs.correiobraziliense.com.br\/cbpoder\/deputados-comemoram-vitoria-em-queda-de-braco-com-o-governo-sobre-reajustes\/","title":{"rendered":"Deputados comemoram vit\u00f3ria em queda de bra\u00e7o com o governo sobre aumento de passagens"},"content":{"rendered":"<p>A derrubada do decreto do governador Rodrigo Rollemberg (PSB) de reajuste das tarifas de transporte coletivo ocorreu ontem em clima de festa no plen\u00e1rio da C\u00e2mara Legislativa. Para os deputados distritais, a onda \u00e9 positiva porque o aumento das passagens desagrada \u00e0 popula\u00e7\u00e3o, como qualquer medida que atinge o bolso do cidad\u00e3o. As galerias estavam lotadas e a maioria dos distritais quis discursar, marcar uma posi\u00e7\u00e3o. O comportamento dos parlamentares ontem mostra que o ano vai ser dif\u00edcil para Rollemberg. A C\u00e2mara, sob a gest\u00e3o de Joe Valle (PDT), ser\u00e1 palco de debates de todos os assuntos pol\u00eamicos. O pr\u00f3ximo tema a ser explorado ser\u00e1 o racionamento de \u00e1gua. \u00a0J\u00e1 Rodrigo Rollemberg (PSB), em poucas situa\u00e7\u00f5es, demonstrou tanta irrita\u00e7\u00e3o. \u201cIrresponsabilidade\u201d, apontou.<\/p>\n<p>&nbsp;<\/p>\n<h2>Deputados n\u00e3o defenderam reajuste<\/h2>\n<p>Nenhum deputado distrital subiu \u00e0 tribuna para apresentar argumentos a favor do reajuste das tarifas de transporte p\u00fablico na sess\u00e3o extraordin\u00e1ria de ontem ou mesmo apenas para votar contra o decreto legislativo que sustou o ato do governador Rodrigo Rollemberg. Nem o l\u00edder do governo, Rodrigo Delmasso (Podemos). A medida \u00e9 impopular e est\u00e3o todos fugindo de desgaste. Mas, fora do debate financeiro, havia os argumentos jur\u00eddicos que poderiam respaldar um voto contr\u00e1rio ontem, sob o fundamento de que era uma intromiss\u00e3o do Legislativo em uma prerrogativa do Executivo.<\/p>\n","protected":false},"excerpt":{"rendered":"<p>A derrubada do decreto do governador Rodrigo Rollemberg (PSB) de reajuste das tarifas de transporte coletivo ocorreu ontem em clima de festa no plen\u00e1rio da C\u00e2mara Legislativa. Para os deputados distritais, a onda \u00e9 positiva porque o aumento das passagens desagrada \u00e0 popula\u00e7\u00e3o, como qualquer medida que atinge o bolso do cidad\u00e3o. As galerias estavam lotadas e a maioria dos [&hellip;]<\/p>\n","protected":false},"author":9,"featured_media":7278,"comment_status":"open","ping_status":"closed","sticky":false,"template":"","format":"standard","meta":{"footnotes":""},"categories":[234],"tags":[],"class_list":["post-7277","post","type-post","status-publish","format-standard","has-post-thumbnail","hentry","category-cb-poder"],"_links":{"self":[{"href":"https:\/\/blogs.correiobraziliense.com.br\/cbpoder\/wp-json\/wp\/v2\/posts\/7277","targetHints":{"allow":["GET"]}}],"collection":[{"href":"https:\/\/blogs.correiobraziliense.com.br\/cbpoder\/wp-json\/wp\/v2\/posts"}],"about":[{"href":"https:\/\/blogs.correiobraziliense.com.br\/cbpoder\/wp-json\/wp\/v2\/types\/post"}],"author":[{"embeddable":true,"href":"https:\/\/blogs.correiobraziliense.com.br\/cbpoder\/wp-json\/wp\/v2\/users\/9"}],"replies":[{"embeddable":true,"href":"https:\/\/blogs.correiobraziliense.com.br\/cbpoder\/wp-json\/wp\/v2\/comments?post=7277"}],"version-history":[{"count":2,"href":"https:\/\/blogs.correiobraziliense.com.br\/cbpoder\/wp-json\/wp\/v2\/posts\/7277\/revisions"}],"predecessor-version":[{"id":7280,"href":"https:\/\/blogs.correiobraziliense.com.br\/cbpoder\/wp-json\/wp\/v2\/posts\/7277\/revisions\/7280"}],"wp:featuredmedia":[{"embeddable":true,"href":"https:\/\/blogs.correiobraziliense.com.br\/cbpoder\/wp-json\/wp\/v2\/media\/7278"}],"wp:attachment":[{"href":"https:\/\/blogs.correiobraziliense.com.br\/cbpoder\/wp-json\/wp\/v2\/media?parent=7277"}],"wp:term":[{"taxonomy":"category","embeddable":true,"href":"https:\/\/blogs.correiobraziliense.com.br\/cbpoder\/wp-json\/wp\/v2\/categories?post=7277"},{"taxonomy":"post_tag","embeddable":true,"href":"https:\/\/blogs.correiobraziliense.com.br\/cbpoder\/wp-json\/wp\/v2\/tags?post=7277"}],"curies":[{"name":"wp","href":"https:\/\/api.w.org\/{rel}","templated":true}]}}