{"id":7202,"date":"2017-01-11T07:00:11","date_gmt":"2017-01-11T09:00:11","guid":{"rendered":"https:\/\/blogs.correiobraziliense.com.br\/cbpoder\/?p=7202"},"modified":"2017-01-10T21:05:22","modified_gmt":"2017-01-10T23:05:22","slug":"marcia-de-alencar-nao-ha-crime-organizado-no-sistema-penitenciario-do-df","status":"publish","type":"post","link":"https:\/\/blogs.correiobraziliense.com.br\/cbpoder\/marcia-de-alencar-nao-ha-crime-organizado-no-sistema-penitenciario-do-df\/","title":{"rendered":"M\u00e1rcia de Alencar: \u201cN\u00e3o h\u00e1 crime organizado no sistema penitenci\u00e1rio do DF\u201d"},"content":{"rendered":"<p>Pelos dados do governo, o sistema penitenci\u00e1rio do DF conta com 14.992 custodiados para 7.496 vagas. Levantamento do Conselho Nacional de Justi\u00e7a (CNJ), publicado ontem (10\/01) pelo blog, indicou que s\u00e3o 7.210 vagas nas cadeias do DF, para 14.010 presos. As duas fontes indicam em m\u00e9dia dois detentos por vaga, ou um deficit de mais de 7 mil presos.<\/p>\n<p>Apesar da superlota\u00e7\u00e3o, a secret\u00e1ria de Seguran\u00e7a P\u00fablica e Paz Social, M\u00e1rcia de Alencar, afirma que o sistema prisional do DF est\u00e1 bem longe de crises como as ocorridas no Amazonas ou em Roraima, que levaram, por conta de uma guerra de fac\u00e7\u00f5es criminosas, \u00e0 morte de 93 presos. \u201cN\u00e3o h\u00e1 crime organizado dentro dos pres\u00eddios do Distrito Federal\u201d, afirma. Segundo M\u00e1rcia, desde 2001, n\u00e3o h\u00e1 rebeli\u00f5es no DF.<\/p>\n<p>Al\u00e9m disso, M\u00e1rcia diz que o governo tem investido na cria\u00e7\u00e3o de vagas. A Penitenci\u00e1ria Feminina n\u00e3o possui mais deficit de vagas. S\u00e3o 942 para abrigar 708 internos, que incluem as mulheres custodiadas e internos da ala de tratamento psiqui\u00e1trico.<\/p>\n<p>No caso do Centro de Deten\u00e7\u00e3o Provis\u00f3ria (CDP), que fica na Papuda, foram criadas 400 vagas em 2016, divididas em dois novos blocos e, segundo a secret\u00e1ria, ser\u00e3o entregues quatro novas unidades, os CDPs 1, 2 e 3, com um total de 3,2 mil vagas, at\u00e9 o fim deste ano.<\/p>\n<p>Quanto aos recursos dispon\u00edveis no Fundo do Sistema Penitenci\u00e1rio, a secret\u00e1ria de Seguran\u00e7a esclarece que o dinheiro entrou no caixa do DF apenas em 29 de dezembro e ser\u00e1 usado para compra de equipamentos (scanner corporal, moderniza\u00e7\u00e3o do sistema de telefonia e seguran\u00e7a eletr\u00f4nica) e para a constru\u00e7\u00e3o de uma nova unidade para abrigar presos em regime fechado na Papuda. A obra est\u00e1 prevista para ser iniciada em 2018 e entregue em dois anos.<\/p>\n<p>O Fundo Penitenci\u00e1rio do DF conta com R$ 52,7 milh\u00f5es, sendo que R$ 44,7 milh\u00f5es foram repassados em 29 de dezembro pelo Departamento Nacional Penitenci\u00e1rio (Depen). Outros R$ 9,8 milh\u00f5es est\u00e3o est\u00e3o previstos para serem repassados pelo Depen, segundo a Secretaria de Seguran\u00e7a P\u00fablica do DF.<\/p>\n<p>&nbsp;<\/p>\n","protected":false},"excerpt":{"rendered":"<p>Pelos dados do governo, o sistema penitenci\u00e1rio do DF conta com 14.992 custodiados para 7.496 vagas. Levantamento do Conselho Nacional de Justi\u00e7a (CNJ), publicado ontem (10\/01) pelo blog, indicou que s\u00e3o 7.210 vagas nas cadeias do DF, para 14.010 presos. As duas fontes indicam em m\u00e9dia dois detentos por vaga, ou um deficit de mais de 7 mil presos. Apesar [&hellip;]<\/p>\n","protected":false},"author":9,"featured_media":7203,"comment_status":"open","ping_status":"closed","sticky":false,"template":"","format":"standard","meta":{"footnotes":""},"categories":[234],"tags":[556,558,557],"class_list":["post-7202","post","type-post","status-publish","format-standard","has-post-thumbnail","hentry","category-cb-poder","tag-cnj","tag-marcia-de-alencar","tag-sistema-penitenciario"],"_links":{"self":[{"href":"https:\/\/blogs.correiobraziliense.com.br\/cbpoder\/wp-json\/wp\/v2\/posts\/7202","targetHints":{"allow":["GET"]}}],"collection":[{"href":"https:\/\/blogs.correiobraziliense.com.br\/cbpoder\/wp-json\/wp\/v2\/posts"}],"about":[{"href":"https:\/\/blogs.correiobraziliense.com.br\/cbpoder\/wp-json\/wp\/v2\/types\/post"}],"author":[{"embeddable":true,"href":"https:\/\/blogs.correiobraziliense.com.br\/cbpoder\/wp-json\/wp\/v2\/users\/9"}],"replies":[{"embeddable":true,"href":"https:\/\/blogs.correiobraziliense.com.br\/cbpoder\/wp-json\/wp\/v2\/comments?post=7202"}],"version-history":[{"count":1,"href":"https:\/\/blogs.correiobraziliense.com.br\/cbpoder\/wp-json\/wp\/v2\/posts\/7202\/revisions"}],"predecessor-version":[{"id":7204,"href":"https:\/\/blogs.correiobraziliense.com.br\/cbpoder\/wp-json\/wp\/v2\/posts\/7202\/revisions\/7204"}],"wp:featuredmedia":[{"embeddable":true,"href":"https:\/\/blogs.correiobraziliense.com.br\/cbpoder\/wp-json\/wp\/v2\/media\/7203"}],"wp:attachment":[{"href":"https:\/\/blogs.correiobraziliense.com.br\/cbpoder\/wp-json\/wp\/v2\/media?parent=7202"}],"wp:term":[{"taxonomy":"category","embeddable":true,"href":"https:\/\/blogs.correiobraziliense.com.br\/cbpoder\/wp-json\/wp\/v2\/categories?post=7202"},{"taxonomy":"post_tag","embeddable":true,"href":"https:\/\/blogs.correiobraziliense.com.br\/cbpoder\/wp-json\/wp\/v2\/tags?post=7202"}],"curies":[{"name":"wp","href":"https:\/\/api.w.org\/{rel}","templated":true}]}}