{"id":7179,"date":"2017-01-09T18:14:47","date_gmt":"2017-01-09T20:14:47","guid":{"rendered":"https:\/\/blogs.correiobraziliense.com.br\/cbpoder\/?p=7179"},"modified":"2017-01-09T19:16:09","modified_gmt":"2017-01-09T21:16:09","slug":"coronel-da-fab-de-brasilia-esta-desaparecido-em-alto-mar-no-rio-grande-do-norte","status":"publish","type":"post","link":"https:\/\/blogs.correiobraziliense.com.br\/cbpoder\/coronel-da-fab-de-brasilia-esta-desaparecido-em-alto-mar-no-rio-grande-do-norte\/","title":{"rendered":"Coronel da FAB de Bras\u00edlia est\u00e1 desaparecido em alto-mar no Rio Grande do Norte"},"content":{"rendered":"<p>Ot\u00e1vio Augusto<\/p>\n<p>H\u00e1 cinco dias, o coronel da For\u00e7a A\u00e9rea Brasileira (FAB) Max de Carvalho Dias est\u00e1 desaparecido em alto-mar no litoral do Rio Grande do Norte.<\/p>\n<p>O oficial mora em Bras\u00edlia e trabalha na Secretaria de Avia\u00e7\u00e3o Civil do Minist\u00e9rio dos Transportes, Portos e Avia\u00e7\u00e3o Civil.<\/p>\n<p>Segundo informa\u00e7\u00f5es preliminares, ele teria sa\u00eddo para praticar pesca esportiva na quinta-feira (5) e desde ent\u00e3o n\u00e3o foi mais visto. As buscas da Marinha j\u00e1 duram dois dias.<\/p>\n<p>Homens do 3\u00b0 Distrito Naval (Com3\u00baDN) vasculham a regi\u00e3o onde Max e um pescador \u2014 que n\u00e3o teve a identidade divulgada \u2014 estavam. Um navio e uma aeronave buscam os desaparecidos. \u201cAt\u00e9 o momento, nem a embarca\u00e7\u00e3o nem os tripulantes foram encontrados\u201d, destaca o \u00f3rg\u00e3o, em nota.<\/p>\n<p>A Capitania dos Portos do Rio Grande do Norte colhe informa\u00e7\u00f5es que auxiliem na localiza\u00e7\u00e3o. O desaparecimento foi registrado oficialmente no \u00faltimo s\u00e1bado (7). \u201cA lancha \u201cAllure\u201d saiu do Iate Clube de Natal em 5 de janeiro, com previs\u00e3o de retorno no dia seguinte, o que n\u00e3o aconteceu\u201d, informa as autoridades locais.<\/p>\n<p>O Centro de Hidrografia da Marinha (CHM) est\u00e1 emitindo \u201cAvisos-R\u00e1dio N\u00e1uticos\u201d dando ci\u00eancia do ocorrido \u00e0s embarca\u00e7\u00f5es em tr\u00e2nsito na regi\u00e3o.<\/p>\n<p>A Pol\u00edcia Militar de Natal n\u00e3o registrou ocorr\u00eancias de brigas ou roubo, por exemplo, na regi\u00e3o do Iate Clube. Max e o pescador sa\u00edram de barco por volta das 8h, segundo testemunhas. O mar naquele dia estava agitado. Geralmente, o coronel ia ao local para fazer manuten\u00e7\u00e3o de sua embarca\u00e7\u00e3o. Segundo pessoas da regi\u00e3o, ele gosta de pescar nas proximidades da costa de Tabatinga, distante 45km da capital norte-rio-grandense.<\/p>\n<p>O diretor de pesca do Iate Clube de Natal, Cristiano Gentili, divulgou uma nota. Ele acompanha as buscas. \u201cNa sexta \u00e0 noite, uma embarca\u00e7\u00e3o de pesca amadora encontrou um tanque de combust\u00edvel a deriva. N\u00e3o estou afirmando nada, mas \u00e9 muita coincid\u00eancia um tanque aparecer no mesmo per\u00edodo que estamos procurando a lancha que usa um tanque do mesmo modelo\u201d, detalhou.<\/p>\n<p>O Minist\u00e9rio dos Transportes, Portos e Avia\u00e7\u00e3o monitora o caso. \u201cAcompanhamos com preocupa\u00e7\u00e3o e esperan\u00e7as as not\u00edcias sobre as buscas do coronel Max de Carvalho Dias. O minist\u00e9rio s\u00f3 se pronunciar\u00e1 ap\u00f3s o fim das buscas\u201d, resumiu, em nota. Max \u00e9 coordenador geral de Gest\u00e3o da Navega\u00e7\u00e3o A\u00e9rea Civil do \u00f3rg\u00e3o federal.<\/p>\n<p>Veja a nota da Marinha do Brasil:<\/p>\n<p>&#8220;A Marinha do Brasil, por meio do Comando do 3\u00b0 Distrito Naval (Com3\u00baDN), informa que tomou conhecimento, em 7 de janeiro de 2017, do desaparecimento da lancha &#8220;Allure&#8221;, que saiu do Iate Clube de Natal em 5 de janeiro, com previs\u00e3o de retorno no dia seguinte, o que n\u00e3o aconteceu.<\/p>\n<p>O Com3\u00baDN vem realizando buscas no litoral do Rio Grande do Norte com o Navio-Patrulha Gua\u00edba, com o aux\u00edlio de uma aeronave da For\u00e7a A\u00e9rea Brasileira.<\/p>\n<p>A Capitania dos Portos do Rio Grande do Norte vem mantendo contato com a comunidade mar\u00edtima a fim de disseminar o desaparecimento da lancha e colher informa\u00e7\u00f5es que auxiliem na sua localiza\u00e7\u00e3o. O Centro de Hidrografia da Marinha (CHM) est\u00e1 emitindo \u201cAvisos-R\u00e1dio N\u00e1uticos\u201d dando ci\u00eancia do ocorrido \u00e0s embarca\u00e7\u00f5es em tr\u00e2nsito na regi\u00e3o.<\/p>\n<p>At\u00e9 o momento, nem a embarca\u00e7\u00e3o nem os tripulantes foram encontrados.&#8221;<\/p>\n<p>Natal, 9 de janeiro de 2017<\/p>\n","protected":false},"excerpt":{"rendered":"<p>Ot\u00e1vio Augusto H\u00e1 cinco dias, o coronel da For\u00e7a A\u00e9rea Brasileira (FAB) Max de Carvalho Dias est\u00e1 desaparecido em alto-mar no litoral do Rio Grande do Norte. O oficial mora em Bras\u00edlia e trabalha na Secretaria de Avia\u00e7\u00e3o Civil do Minist\u00e9rio dos Transportes, Portos e Avia\u00e7\u00e3o Civil. Segundo informa\u00e7\u00f5es preliminares, ele teria sa\u00eddo para praticar pesca esportiva na quinta-feira (5) [&hellip;]<\/p>\n","protected":false},"author":9,"featured_media":7180,"comment_status":"open","ping_status":"closed","sticky":false,"template":"","format":"standard","meta":{"footnotes":""},"categories":[234],"tags":[547,549,550,548,551],"class_list":["post-7179","post","type-post","status-publish","format-standard","has-post-thumbnail","hentry","category-cb-poder","tag-coronel-max-nunes","tag-costa-do-rio-grande-do-norte","tag-desaparecido","tag-fab","tag-sac"],"_links":{"self":[{"href":"https:\/\/blogs.correiobraziliense.com.br\/cbpoder\/wp-json\/wp\/v2\/posts\/7179","targetHints":{"allow":["GET"]}}],"collection":[{"href":"https:\/\/blogs.correiobraziliense.com.br\/cbpoder\/wp-json\/wp\/v2\/posts"}],"about":[{"href":"https:\/\/blogs.correiobraziliense.com.br\/cbpoder\/wp-json\/wp\/v2\/types\/post"}],"author":[{"embeddable":true,"href":"https:\/\/blogs.correiobraziliense.com.br\/cbpoder\/wp-json\/wp\/v2\/users\/9"}],"replies":[{"embeddable":true,"href":"https:\/\/blogs.correiobraziliense.com.br\/cbpoder\/wp-json\/wp\/v2\/comments?post=7179"}],"version-history":[{"count":3,"href":"https:\/\/blogs.correiobraziliense.com.br\/cbpoder\/wp-json\/wp\/v2\/posts\/7179\/revisions"}],"predecessor-version":[{"id":7192,"href":"https:\/\/blogs.correiobraziliense.com.br\/cbpoder\/wp-json\/wp\/v2\/posts\/7179\/revisions\/7192"}],"wp:featuredmedia":[{"embeddable":true,"href":"https:\/\/blogs.correiobraziliense.com.br\/cbpoder\/wp-json\/wp\/v2\/media\/7180"}],"wp:attachment":[{"href":"https:\/\/blogs.correiobraziliense.com.br\/cbpoder\/wp-json\/wp\/v2\/media?parent=7179"}],"wp:term":[{"taxonomy":"category","embeddable":true,"href":"https:\/\/blogs.correiobraziliense.com.br\/cbpoder\/wp-json\/wp\/v2\/categories?post=7179"},{"taxonomy":"post_tag","embeddable":true,"href":"https:\/\/blogs.correiobraziliense.com.br\/cbpoder\/wp-json\/wp\/v2\/tags?post=7179"}],"curies":[{"name":"wp","href":"https:\/\/api.w.org\/{rel}","templated":true}]}}