{"id":6916,"date":"2016-12-14T12:17:05","date_gmt":"2016-12-14T14:17:05","guid":{"rendered":"https:\/\/blogs.correiobraziliense.com.br\/cbpoder\/?p=6916"},"modified":"2016-12-14T12:17:05","modified_gmt":"2016-12-14T14:17:05","slug":"tudo-pronto-para-eleicao-no-tribunal-de-contas","status":"publish","type":"post","link":"https:\/\/blogs.correiobraziliense.com.br\/cbpoder\/tudo-pronto-para-eleicao-no-tribunal-de-contas\/","title":{"rendered":"Tribunal de Contas eleger\u00e1 nova Mesa Diretora"},"content":{"rendered":"<p>Ao contr\u00e1rio da elei\u00e7\u00e3o para a Mesa Diretora da C\u00e2mara Legislativa, em que haver\u00e1 disputa at\u00e9 o \u00faltimo minuto, a escolha do novo comando do Tribunal de Contas do DF ocorrer\u00e1 nesta quinta-feira\u00a0em consenso. A conselheira Anilc\u00e9ia Machado ser\u00e1 eleita presidente e Paulo Tadeu, vice-presidente. Renato Rainha n\u00e3o vai concorrer \u00e0 recondu\u00e7\u00e3o. A defini\u00e7\u00e3o, nos bastidores, ocorreu\u00a0em reuni\u00f5es na segunda-feira, com \u00faltimos ajustes ontem. Ex-deputados distritais, com base em Sobradinho, Anilc\u00e9ia e Paulo Tadeu ficar\u00e3o \u00e0 frente do TCDF nos pr\u00f3ximos dois anos. Anilc\u00e9ia, h\u00e1 quase 11 anos no \u00f3rg\u00e3o, foi escolhida porque \u00e9 a conselheira mais antiga que ainda n\u00e3o assumiu a Presid\u00eancia. Ela esteve no cargo apenas por alguns meses.<\/p>\n","protected":false},"excerpt":{"rendered":"<p>Ao contr\u00e1rio da elei\u00e7\u00e3o para a Mesa Diretora da C\u00e2mara Legislativa, em que haver\u00e1 disputa at\u00e9 o \u00faltimo minuto, a escolha do novo comando do Tribunal de Contas do DF ocorrer\u00e1 nesta quinta-feira\u00a0em consenso. A conselheira Anilc\u00e9ia Machado ser\u00e1 eleita presidente e Paulo Tadeu, vice-presidente. Renato Rainha n\u00e3o vai concorrer \u00e0 recondu\u00e7\u00e3o. A defini\u00e7\u00e3o, nos bastidores, ocorreu\u00a0em reuni\u00f5es na segunda-feira, [&hellip;]<\/p>\n","protected":false},"author":9,"featured_media":6917,"comment_status":"open","ping_status":"closed","sticky":false,"template":"","format":"standard","meta":{"footnotes":""},"categories":[234],"tags":[],"class_list":["post-6916","post","type-post","status-publish","format-standard","has-post-thumbnail","hentry","category-cb-poder"],"_links":{"self":[{"href":"https:\/\/blogs.correiobraziliense.com.br\/cbpoder\/wp-json\/wp\/v2\/posts\/6916","targetHints":{"allow":["GET"]}}],"collection":[{"href":"https:\/\/blogs.correiobraziliense.com.br\/cbpoder\/wp-json\/wp\/v2\/posts"}],"about":[{"href":"https:\/\/blogs.correiobraziliense.com.br\/cbpoder\/wp-json\/wp\/v2\/types\/post"}],"author":[{"embeddable":true,"href":"https:\/\/blogs.correiobraziliense.com.br\/cbpoder\/wp-json\/wp\/v2\/users\/9"}],"replies":[{"embeddable":true,"href":"https:\/\/blogs.correiobraziliense.com.br\/cbpoder\/wp-json\/wp\/v2\/comments?post=6916"}],"version-history":[{"count":1,"href":"https:\/\/blogs.correiobraziliense.com.br\/cbpoder\/wp-json\/wp\/v2\/posts\/6916\/revisions"}],"predecessor-version":[{"id":6918,"href":"https:\/\/blogs.correiobraziliense.com.br\/cbpoder\/wp-json\/wp\/v2\/posts\/6916\/revisions\/6918"}],"wp:featuredmedia":[{"embeddable":true,"href":"https:\/\/blogs.correiobraziliense.com.br\/cbpoder\/wp-json\/wp\/v2\/media\/6917"}],"wp:attachment":[{"href":"https:\/\/blogs.correiobraziliense.com.br\/cbpoder\/wp-json\/wp\/v2\/media?parent=6916"}],"wp:term":[{"taxonomy":"category","embeddable":true,"href":"https:\/\/blogs.correiobraziliense.com.br\/cbpoder\/wp-json\/wp\/v2\/categories?post=6916"},{"taxonomy":"post_tag","embeddable":true,"href":"https:\/\/blogs.correiobraziliense.com.br\/cbpoder\/wp-json\/wp\/v2\/tags?post=6916"}],"curies":[{"name":"wp","href":"https:\/\/api.w.org\/{rel}","templated":true}]}}