{"id":6909,"date":"2016-12-13T18:29:44","date_gmt":"2016-12-13T20:29:44","guid":{"rendered":"https:\/\/blogs.correiobraziliense.com.br\/cbpoder\/?p=6909"},"modified":"2016-12-14T12:32:15","modified_gmt":"2016-12-14T14:32:15","slug":"conselho-de-etica-da-camara-absolve-bessa","status":"publish","type":"post","link":"https:\/\/blogs.correiobraziliense.com.br\/cbpoder\/conselho-de-etica-da-camara-absolve-bessa\/","title":{"rendered":"Conselho de \u00c9tica da C\u00e2mara absolve Laerte Bessa por xingar Rollemberg"},"content":{"rendered":"<p>O deputado Laerte Bessa (PR-DF) foi absolvido nesta tarde (13\/12) por unanimidade pelo Conselho de \u00c9tica da C\u00e2mara dos Deputados da representa\u00e7\u00e3o em que foi acusado pelo PSB de quebrar o decoro parlamentar ao xingar o governador Rodrigo Rollemberg (PSB).<\/p>\n<p>O plen\u00e1rio do Conselho de \u00c9tica aprovou o relat\u00f3rio do deputado Carlos Marun (PMDB\/MS), que recomendou o arquivamento do caso, por 11 votos favor\u00e1veis, nenhum contr\u00e1rio e duas absten\u00e7\u00f5es.<\/p>\n<p>Na representa\u00e7\u00e3o, o PSB pedia a cassa\u00e7\u00e3o do mandato de Laerte Bessa por ofensas a Rollemberg em tr\u00eas ocasi\u00f5es:\u00a0em assembleia do Sindicato dos Policiais Civis (Sinpol), em setembro; no Pal\u00e1cio Buriti, em outubro; e em discurso no plen\u00e1rio da C\u00e2mara dos Deputados, tamb\u00e9m em outubro.<\/p>\n<p>O parlamentar se referiu ao governador com termos como \u201cvagabundo\u201d, \u201cfrouxo\u201d e &#8220;maconheiro&#8221;.<\/p>\n<p>Marun apontou \u201caus\u00eancia de justa causa\u201d na den\u00fancia do PSB. \u201cBessa n\u00e3o extrapolou os direitos inerentes ao mandato, de forma que as palavras do parlamentar se encontram acobertadas pelo manto da imunidade material, n\u00e3o merecendo, portanto, qualquer censura por esta Casa Legislativa\u201d, disse o relator.<\/p>\n<p>Rollemberg entrou tamb\u00e9m com queixa-crime contra Rollemberg no Supremo Tribunal Federal (STF) e a\u00e7\u00e3o por danos morais na Justi\u00e7a do DF.<\/p>\n<p>Em outubro, Laerte Bessa fez um duro discurso contra Rollemberg no plen\u00e1rio. Ex-diretor da Pol\u00edcia Civil, o deputado estava irritado porque o governador do DF n\u00e3o permitiu que ele participasse de uma reuni\u00e3o em que se discutiu a campanha salarial de policiais civis. Rollemberg disse que n\u00e3o autorizou a entrada de Laerte Bessa porque ele j\u00e1 o tinha xingado em p\u00fablico anteriormente.<\/p>\n<p>Assista ao pronunciamento de Laerte Bessa:<\/p>\n<p><a href=\"https:\/\/mail.google.com\/mail\/u\/0\/#inbox\/158f9d6e577e8f48?projector=1\">https:\/\/mail.google.com\/mail\/u\/0\/#inbox\/158f9d6e577e8f48?projector=1<\/a><\/p>\n<p>&nbsp;<\/p>\n","protected":false},"excerpt":{"rendered":"<p>O deputado Laerte Bessa (PR-DF) foi absolvido nesta tarde (13\/12) por unanimidade pelo Conselho de \u00c9tica da C\u00e2mara dos Deputados da representa\u00e7\u00e3o em que foi acusado pelo PSB de quebrar o decoro parlamentar ao xingar o governador Rodrigo Rollemberg (PSB). O plen\u00e1rio do Conselho de \u00c9tica aprovou o relat\u00f3rio do deputado Carlos Marun (PMDB\/MS), que recomendou o arquivamento do caso, [&hellip;]<\/p>\n","protected":false},"author":9,"featured_media":6910,"comment_status":"open","ping_status":"closed","sticky":false,"template":"","format":"standard","meta":{"footnotes":""},"categories":[234],"tags":[],"class_list":["post-6909","post","type-post","status-publish","format-standard","has-post-thumbnail","hentry","category-cb-poder"],"_links":{"self":[{"href":"https:\/\/blogs.correiobraziliense.com.br\/cbpoder\/wp-json\/wp\/v2\/posts\/6909","targetHints":{"allow":["GET"]}}],"collection":[{"href":"https:\/\/blogs.correiobraziliense.com.br\/cbpoder\/wp-json\/wp\/v2\/posts"}],"about":[{"href":"https:\/\/blogs.correiobraziliense.com.br\/cbpoder\/wp-json\/wp\/v2\/types\/post"}],"author":[{"embeddable":true,"href":"https:\/\/blogs.correiobraziliense.com.br\/cbpoder\/wp-json\/wp\/v2\/users\/9"}],"replies":[{"embeddable":true,"href":"https:\/\/blogs.correiobraziliense.com.br\/cbpoder\/wp-json\/wp\/v2\/comments?post=6909"}],"version-history":[{"count":5,"href":"https:\/\/blogs.correiobraziliense.com.br\/cbpoder\/wp-json\/wp\/v2\/posts\/6909\/revisions"}],"predecessor-version":[{"id":6915,"href":"https:\/\/blogs.correiobraziliense.com.br\/cbpoder\/wp-json\/wp\/v2\/posts\/6909\/revisions\/6915"}],"wp:featuredmedia":[{"embeddable":true,"href":"https:\/\/blogs.correiobraziliense.com.br\/cbpoder\/wp-json\/wp\/v2\/media\/6910"}],"wp:attachment":[{"href":"https:\/\/blogs.correiobraziliense.com.br\/cbpoder\/wp-json\/wp\/v2\/media?parent=6909"}],"wp:term":[{"taxonomy":"category","embeddable":true,"href":"https:\/\/blogs.correiobraziliense.com.br\/cbpoder\/wp-json\/wp\/v2\/categories?post=6909"},{"taxonomy":"post_tag","embeddable":true,"href":"https:\/\/blogs.correiobraziliense.com.br\/cbpoder\/wp-json\/wp\/v2\/tags?post=6909"}],"curies":[{"name":"wp","href":"https:\/\/api.w.org\/{rel}","templated":true}]}}