{"id":6797,"date":"2016-12-06T12:00:40","date_gmt":"2016-12-06T14:00:40","guid":{"rendered":"https:\/\/blogs.correiobraziliense.com.br\/cbpoder\/?p=6797"},"modified":"2016-12-06T12:00:40","modified_gmt":"2016-12-06T14:00:40","slug":"bessa-toma-posse-no-mp","status":"publish","type":"post","link":"https:\/\/blogs.correiobraziliense.com.br\/cbpoder\/bessa-toma-posse-no-mp\/","title":{"rendered":"Bessa toma posse no MP e defende pacote anticorrup\u00e7\u00e3o"},"content":{"rendered":"<h2>Leonardo Bessa apoiou as 10 Medidas<\/h2>\n<p>&nbsp;<\/p>\n<p>O Distrito Federal foi a unidade da federa\u00e7\u00e3o com mais assinaturas, proporcionalmente ao n\u00famero de eleitores, nas 10 Medidas de Combate \u00e1 Corrup\u00e7\u00e3o. O procurador-geral de Justi\u00e7a do DF, Leonardo Bessa, participou da campanha que reuniu mais de 200 mil aliados. Na posse dele para o segundo mandato ontem, as mudan\u00e7as no pacote anticorrup\u00e7\u00e3o n\u00e3o poderiam ficar de fora dos discursos. Foi o tema da posse. <a href=\"https:\/\/blogs.correiobraziliense.com.br\/cbpoder\/leonardo-bessa-e-reconduzido-ao-cargo-de-chefe-do-mpdft\/\">Nomeado pelo presidente Michel Temer<\/a>, Bessa ficar\u00e1 mais dois anos \u00e0 frente do Minist\u00e9rio P\u00fablico. Com um perfil do di\u00e1logo, reuniu na solenidade de sua recondu\u00e7\u00e3o v\u00e1rias autoridades do Poder Judici\u00e1rio, colegas de carreira e integrantes do Executivo, entre os quais o governador Rodrigo Rollemberg (PSB). Nenhum deputado distrital assistiu \u00e0 solenidade. Por que ser\u00e1?<\/p>\n<p>&nbsp;<\/p>\n<h2>Sem brigar com o Congresso<\/h2>\n<p>Est\u00e1 claro que o Minist\u00e9rio P\u00fablico quer derrubar as emendas que desfiguraram o pacote das 10 Medidas de Combate sem brigar com o Congresso. Todos disseram que n\u00e3o pretendem afrontar a autonomia do Congresso, mas defendem a rejei\u00e7\u00e3o das emendas aprovadas pela C\u00e2mara, de madrugada. At\u00e9 porque o Senado pode apreciar o tema hoje. \u201cO Minist\u00e9rio P\u00fablico respeita a independ\u00eancia do Congresso. N\u00e3o \u00e9 contra controle e puni\u00e7\u00e3o de promotores e ju\u00edzes. O problema foi a forma e o conte\u00fado aprovados sem qualquer debate com o Minist\u00e9rio P\u00fablico\u201d, disse Bessa. O vice-procurador-geral da Rep\u00fablica, Jos\u00e9 Bonif\u00e1cio de Andrada, que representou o chefe do MP, Rodrigo Janot, adotou um tom moderado. \u201cN\u00e3o queremos ver corrompida a lei que combate a corrup\u00e7\u00e3o. O Senado ainda pode rever (as emendas)\u201d, lembrou.<\/p>\n<p>&nbsp;<\/p>\n<h2>M\u00e9rito da Dr\u00e1con<\/h2>\n<h2><\/h2>\n<p>O procurador-geral de Justi\u00e7a do DF, Leonardo Bessa, apontou a investiga\u00e7\u00e3o e den\u00fancia contra cinco deputados distritais suspeitos de vender uma emenda parlamentar como uma das principais realiza\u00e7\u00f5es de seu primeiro mandato. No discurso, ele apontou a Opera\u00e7\u00e3o Dr\u00e1con como \u201cuma das maiores\u201d da hist\u00f3ria do DF. De fato, em termos de impacto pol\u00edtico, s\u00f3 perde para a Caixa de Pandora. Por meio da Dr\u00e1con, a presidente de um poder, Celina Le\u00e3o (PPS), foi afastada. Com o tempo passando, restam poucas chances de a distrital retornar ao comando da C\u00e2mara Legislativa.<\/p>\n","protected":false},"excerpt":{"rendered":"<p>Leonardo Bessa apoiou as 10 Medidas &nbsp; O Distrito Federal foi a unidade da federa\u00e7\u00e3o com mais assinaturas, proporcionalmente ao n\u00famero de eleitores, nas 10 Medidas de Combate \u00e1 Corrup\u00e7\u00e3o. O procurador-geral de Justi\u00e7a do DF, Leonardo Bessa, participou da campanha que reuniu mais de 200 mil aliados. Na posse dele para o segundo mandato ontem, as mudan\u00e7as no pacote [&hellip;]<\/p>\n","protected":false},"author":9,"featured_media":6798,"comment_status":"open","ping_status":"closed","sticky":false,"template":"","format":"standard","meta":{"footnotes":""},"categories":[234],"tags":[],"class_list":["post-6797","post","type-post","status-publish","format-standard","has-post-thumbnail","hentry","category-cb-poder"],"_links":{"self":[{"href":"https:\/\/blogs.correiobraziliense.com.br\/cbpoder\/wp-json\/wp\/v2\/posts\/6797","targetHints":{"allow":["GET"]}}],"collection":[{"href":"https:\/\/blogs.correiobraziliense.com.br\/cbpoder\/wp-json\/wp\/v2\/posts"}],"about":[{"href":"https:\/\/blogs.correiobraziliense.com.br\/cbpoder\/wp-json\/wp\/v2\/types\/post"}],"author":[{"embeddable":true,"href":"https:\/\/blogs.correiobraziliense.com.br\/cbpoder\/wp-json\/wp\/v2\/users\/9"}],"replies":[{"embeddable":true,"href":"https:\/\/blogs.correiobraziliense.com.br\/cbpoder\/wp-json\/wp\/v2\/comments?post=6797"}],"version-history":[{"count":1,"href":"https:\/\/blogs.correiobraziliense.com.br\/cbpoder\/wp-json\/wp\/v2\/posts\/6797\/revisions"}],"predecessor-version":[{"id":6799,"href":"https:\/\/blogs.correiobraziliense.com.br\/cbpoder\/wp-json\/wp\/v2\/posts\/6797\/revisions\/6799"}],"wp:featuredmedia":[{"embeddable":true,"href":"https:\/\/blogs.correiobraziliense.com.br\/cbpoder\/wp-json\/wp\/v2\/media\/6798"}],"wp:attachment":[{"href":"https:\/\/blogs.correiobraziliense.com.br\/cbpoder\/wp-json\/wp\/v2\/media?parent=6797"}],"wp:term":[{"taxonomy":"category","embeddable":true,"href":"https:\/\/blogs.correiobraziliense.com.br\/cbpoder\/wp-json\/wp\/v2\/categories?post=6797"},{"taxonomy":"post_tag","embeddable":true,"href":"https:\/\/blogs.correiobraziliense.com.br\/cbpoder\/wp-json\/wp\/v2\/tags?post=6797"}],"curies":[{"name":"wp","href":"https:\/\/api.w.org\/{rel}","templated":true}]}}