{"id":6664,"date":"2016-11-25T00:28:08","date_gmt":"2016-11-25T02:28:08","guid":{"rendered":"https:\/\/blogs.correiobraziliense.com.br\/cbpoder\/?p=6664"},"modified":"2016-11-25T00:28:08","modified_gmt":"2016-11-25T02:28:08","slug":"bloco-lanca-joe-valle-presidencia-da-camara-legislativa","status":"publish","type":"post","link":"https:\/\/blogs.correiobraziliense.com.br\/cbpoder\/bloco-lanca-joe-valle-presidencia-da-camara-legislativa\/","title":{"rendered":"Bloco lan\u00e7a Joe Valle \u00e0 presid\u00eancia da C\u00e2mara Legislativa"},"content":{"rendered":"<p>ANA VIRIATO<\/p>\n<p>O Bloco Sustentabilidade e Trabalho, da base governista, escolheu, nesta quinta-feira (24\/11), Joe Valle (PDT) como candidato \u00e0 presid\u00eancia da C\u00e2mara Legislativa do DF.<\/p>\n<p>O grupo conta, ainda, com os deputados distritais Israel Batista (PV), que tamb\u00e9m pleiteava o posto, Reginaldo Veras (PDT), Chico Leite (Rede) e Cl\u00e1udio Abrantes (Rede).<\/p>\n<p>O an\u00fancio nesta sexta-feira (25\/11) deve causar desconforto ao Pal\u00e1cio do Buriti. O presidente do bloco, Reginaldo Veras, adiantou ao Correio que o grupo n\u00e3o desistir\u00e1 da elei\u00e7\u00e3o de Joe, independente das determina\u00e7\u00f5es do chefe do Executivo local.<\/p>\n<p>O posicionamento refere-se \u00e0s proje\u00e7\u00f5es dos bastidores, que apontam o apoio de Rodrigo Rollemberg (PSB) a Agaciel Maia (PR), \u00fanico oponente do distrital do PDT at\u00e9 o momento.<\/p>\n<p>Sandra Faraj (SD) e Wellington Luiz (PMDB) tamb\u00e9m s\u00e3o nomes cotados para a disputa. Entretanto, nenhum deles lan\u00e7ou, oficialmente, a candidatura.<\/p>\n<p>Veja a nota do bloco:<\/p>\n<p><a href=\"https:\/\/blogs.correiobraziliense.com.br\/cbpoder\/wp-content\/uploads\/sites\/5\/2016\/11\/image-5.jpeg\" rel=\"attachment wp-att-6665\"><img loading=\"lazy\" decoding=\"async\" class=\"alignnone size-large wp-image-6665\" src=\"https:\/\/blogs.correiobraziliense.com.br\/cbpoder\/wp-content\/uploads\/sites\/5\/2016\/11\/image-5-860x1024.jpeg\" alt=\"image\" width=\"860\" height=\"1024\" srcset=\"https:\/\/blogs.correiobraziliense.com.br\/cbpoder\/wp-content\/uploads\/sites\/5\/2016\/11\/image-5-860x1024.jpeg 860w, https:\/\/blogs.correiobraziliense.com.br\/cbpoder\/wp-content\/uploads\/sites\/5\/2016\/11\/image-5-252x300.jpeg 252w, https:\/\/blogs.correiobraziliense.com.br\/cbpoder\/wp-content\/uploads\/sites\/5\/2016\/11\/image-5-768x914.jpeg 768w, https:\/\/blogs.correiobraziliense.com.br\/cbpoder\/wp-content\/uploads\/sites\/5\/2016\/11\/image-5-294x350.jpeg 294w, https:\/\/blogs.correiobraziliense.com.br\/cbpoder\/wp-content\/uploads\/sites\/5\/2016\/11\/image-5-550x655.jpeg 550w, https:\/\/blogs.correiobraziliense.com.br\/cbpoder\/wp-content\/uploads\/sites\/5\/2016\/11\/image-5-230x274.jpeg 230w, https:\/\/blogs.correiobraziliense.com.br\/cbpoder\/wp-content\/uploads\/sites\/5\/2016\/11\/image-5.jpeg 987w\" sizes=\"auto, (max-width: 860px) 100vw, 860px\" \/><\/a><\/p>\n","protected":false},"excerpt":{"rendered":"<p>ANA VIRIATO O Bloco Sustentabilidade e Trabalho, da base governista, escolheu, nesta quinta-feira (24\/11), Joe Valle (PDT) como candidato \u00e0 presid\u00eancia da C\u00e2mara Legislativa do DF. O grupo conta, ainda, com os deputados distritais Israel Batista (PV), que tamb\u00e9m pleiteava o posto, Reginaldo Veras (PDT), Chico Leite (Rede) e Cl\u00e1udio Abrantes (Rede). O an\u00fancio nesta sexta-feira (25\/11) deve causar desconforto [&hellip;]<\/p>\n","protected":false},"author":9,"featured_media":5645,"comment_status":"open","ping_status":"closed","sticky":false,"template":"","format":"standard","meta":{"footnotes":""},"categories":[234],"tags":[],"class_list":["post-6664","post","type-post","status-publish","format-standard","has-post-thumbnail","hentry","category-cb-poder"],"_links":{"self":[{"href":"https:\/\/blogs.correiobraziliense.com.br\/cbpoder\/wp-json\/wp\/v2\/posts\/6664","targetHints":{"allow":["GET"]}}],"collection":[{"href":"https:\/\/blogs.correiobraziliense.com.br\/cbpoder\/wp-json\/wp\/v2\/posts"}],"about":[{"href":"https:\/\/blogs.correiobraziliense.com.br\/cbpoder\/wp-json\/wp\/v2\/types\/post"}],"author":[{"embeddable":true,"href":"https:\/\/blogs.correiobraziliense.com.br\/cbpoder\/wp-json\/wp\/v2\/users\/9"}],"replies":[{"embeddable":true,"href":"https:\/\/blogs.correiobraziliense.com.br\/cbpoder\/wp-json\/wp\/v2\/comments?post=6664"}],"version-history":[{"count":1,"href":"https:\/\/blogs.correiobraziliense.com.br\/cbpoder\/wp-json\/wp\/v2\/posts\/6664\/revisions"}],"predecessor-version":[{"id":6667,"href":"https:\/\/blogs.correiobraziliense.com.br\/cbpoder\/wp-json\/wp\/v2\/posts\/6664\/revisions\/6667"}],"wp:featuredmedia":[{"embeddable":true,"href":"https:\/\/blogs.correiobraziliense.com.br\/cbpoder\/wp-json\/wp\/v2\/media\/5645"}],"wp:attachment":[{"href":"https:\/\/blogs.correiobraziliense.com.br\/cbpoder\/wp-json\/wp\/v2\/media?parent=6664"}],"wp:term":[{"taxonomy":"category","embeddable":true,"href":"https:\/\/blogs.correiobraziliense.com.br\/cbpoder\/wp-json\/wp\/v2\/categories?post=6664"},{"taxonomy":"post_tag","embeddable":true,"href":"https:\/\/blogs.correiobraziliense.com.br\/cbpoder\/wp-json\/wp\/v2\/tags?post=6664"}],"curies":[{"name":"wp","href":"https:\/\/api.w.org\/{rel}","templated":true}]}}