{"id":6627,"date":"2016-11-24T06:22:02","date_gmt":"2016-11-24T08:22:02","guid":{"rendered":"https:\/\/blogs.correiobraziliense.com.br\/cbpoder\/?p=6627"},"modified":"2016-11-24T11:17:34","modified_gmt":"2016-11-24T13:17:34","slug":"mp-vai-investigar-suposta-ocultacao-de-patrimonio-de-leonardo-prudente","status":"publish","type":"post","link":"https:\/\/blogs.correiobraziliense.com.br\/cbpoder\/mp-vai-investigar-suposta-ocultacao-de-patrimonio-de-leonardo-prudente\/","title":{"rendered":"Minist\u00e9rio P\u00fablico vai investigar suposta oculta\u00e7\u00e3o de patrim\u00f4nio de Leonardo Prudente"},"content":{"rendered":"<p>O Minist\u00e9rio P\u00fablico do Distrito Federal vai investigar den\u00fancias de suposta oculta\u00e7\u00e3o de patrim\u00f4nio do ex-distrital Leonardo Prudente. A suspeita \u00e9 de que empresas e bens do ex-presidente da C\u00e2mara Legislativa estariam sendo transferidos para laranjas com o objetivo de escapar da execu\u00e7\u00e3o da senten\u00e7a que o condenou a pagar R$ 12,3 milh\u00f5es aos cofres p\u00fablicos, pelo envolvimento nas den\u00fancias da Opera\u00e7\u00e3o Caixa de Pandora. O ex-distrital est\u00e1 fora da pol\u00edtica desde que renunciou ao mandato em 2010. A vice-procuradora-geral de Justi\u00e7a do DF, Selma Sauerbronn, encaminhou o caso ao Grupo de Atua\u00e7\u00e3o Especial de Combate ao Crime Organizado (Gaeco).<\/p>\n<p>&nbsp;<br \/>\n<strong>Den\u00fancia do mercado<\/strong><br \/>\nA den\u00fancia de oculta\u00e7\u00e3o de patrim\u00f4nio chegou ao MP por meio de uma representa\u00e7\u00e3o aparentemente de algu\u00e9m que conhece o mercado de presta\u00e7\u00e3o de servi\u00e7os e os neg\u00f3cios de Prudente. Entre as empresas que integrariam o patrim\u00f4nio do ex-deputado, mas que estariam sendo repassadas a testas de ferro, com a altera\u00e7\u00e3o do quadro societ\u00e1rio, s\u00e3o citadas a JL Agroindustrial Ltda, a Global Seguran\u00e7a Ltda, a Saldo M\u00eddia Propaganda e Publicidade Ltda, Cinco Estrelas Sistemas de Seguran\u00e7a, Conservadora Nacional de Im\u00f3veis Cinco Estrelas, SPE, G6 Empreendimentos Imobili\u00e1rios, Multi-Seguran\u00e7a Eletr\u00f4nica e Patrimonial. Representantes da Global negam vincula\u00e7\u00e3o com Prudente.<\/p>\n<p>&nbsp;<br \/>\n<strong>Defesa: \u201cAinda cabem muitos recursos\u201d<\/strong><br \/>\nSobre a investiga\u00e7\u00e3o do Gaeco, a defesa de Leonardo Prudente disse \u00e0 coluna considerar a medida intempestiva porque o ex-deputado foi condenado em primeira inst\u00e2ncia e ainda cabem v\u00e1rios recursos. Tamb\u00e9m seria descabida porque Prudente teria liberdade para dispor de todo o seu patrim\u00f4nio que n\u00e3o estiver indispon\u00edvel por decis\u00e3o judicial. As informa\u00e7\u00f5es foram prestadas pelo advogado Herman Ted Barbosa, que o representa na a\u00e7\u00e3o de improbidade administrativa da Opera\u00e7\u00e3o Caixa de Pandora. N\u00e3o houve nenhuma manifesta\u00e7\u00e3o sobre as supostas transa\u00e7\u00f5es empresariais apontadas em representa\u00e7\u00e3o enviada ao Minist\u00e9rio P\u00fablico por um cidad\u00e3o identificado como Francisco dos Santos.<\/p>\n","protected":false},"excerpt":{"rendered":"<p>O Minist\u00e9rio P\u00fablico do Distrito Federal vai investigar den\u00fancias de suposta oculta\u00e7\u00e3o de patrim\u00f4nio do ex-distrital Leonardo Prudente. A suspeita \u00e9 de que empresas e bens do ex-presidente da C\u00e2mara Legislativa estariam sendo transferidos para laranjas com o objetivo de escapar da execu\u00e7\u00e3o da senten\u00e7a que o condenou a pagar R$ 12,3 milh\u00f5es aos cofres p\u00fablicos, pelo envolvimento nas den\u00fancias [&hellip;]<\/p>\n","protected":false},"author":9,"featured_media":6628,"comment_status":"open","ping_status":"closed","sticky":false,"template":"","format":"standard","meta":{"footnotes":""},"categories":[234],"tags":[521,518,520,517,516,519],"class_list":["post-6627","post","type-post","status-publish","format-standard","has-post-thumbnail","hentry","category-cb-poder","tag-gaeco","tag-leonardo-prudente","tag-mp","tag-ocultacao","tag-pandora","tag-vigilancia"],"_links":{"self":[{"href":"https:\/\/blogs.correiobraziliense.com.br\/cbpoder\/wp-json\/wp\/v2\/posts\/6627","targetHints":{"allow":["GET"]}}],"collection":[{"href":"https:\/\/blogs.correiobraziliense.com.br\/cbpoder\/wp-json\/wp\/v2\/posts"}],"about":[{"href":"https:\/\/blogs.correiobraziliense.com.br\/cbpoder\/wp-json\/wp\/v2\/types\/post"}],"author":[{"embeddable":true,"href":"https:\/\/blogs.correiobraziliense.com.br\/cbpoder\/wp-json\/wp\/v2\/users\/9"}],"replies":[{"embeddable":true,"href":"https:\/\/blogs.correiobraziliense.com.br\/cbpoder\/wp-json\/wp\/v2\/comments?post=6627"}],"version-history":[{"count":4,"href":"https:\/\/blogs.correiobraziliense.com.br\/cbpoder\/wp-json\/wp\/v2\/posts\/6627\/revisions"}],"predecessor-version":[{"id":6653,"href":"https:\/\/blogs.correiobraziliense.com.br\/cbpoder\/wp-json\/wp\/v2\/posts\/6627\/revisions\/6653"}],"wp:featuredmedia":[{"embeddable":true,"href":"https:\/\/blogs.correiobraziliense.com.br\/cbpoder\/wp-json\/wp\/v2\/media\/6628"}],"wp:attachment":[{"href":"https:\/\/blogs.correiobraziliense.com.br\/cbpoder\/wp-json\/wp\/v2\/media?parent=6627"}],"wp:term":[{"taxonomy":"category","embeddable":true,"href":"https:\/\/blogs.correiobraziliense.com.br\/cbpoder\/wp-json\/wp\/v2\/categories?post=6627"},{"taxonomy":"post_tag","embeddable":true,"href":"https:\/\/blogs.correiobraziliense.com.br\/cbpoder\/wp-json\/wp\/v2\/tags?post=6627"}],"curies":[{"name":"wp","href":"https:\/\/api.w.org\/{rel}","templated":true}]}}