{"id":6556,"date":"2016-11-18T13:21:05","date_gmt":"2016-11-18T15:21:05","guid":{"rendered":"https:\/\/blogs.correiobraziliense.com.br\/cbpoder\/?p=6556"},"modified":"2016-11-18T13:21:05","modified_gmt":"2016-11-18T15:21:05","slug":"oab-df-elege-lista-sextupla-para-vaga-no-tjdft","status":"publish","type":"post","link":"https:\/\/blogs.correiobraziliense.com.br\/cbpoder\/oab-df-elege-lista-sextupla-para-vaga-no-tjdft\/","title":{"rendered":"OAB-DF elege lista s\u00eaxtupla para vaga no TJDFT"},"content":{"rendered":"<p>O Conselho da OAB-DF elegeu hoje (18\/11) entre 12 advogados a lista s\u00eaxtupla para a disputa \u00e0 vaga do quinto constitucional no Tribunal de Justi\u00e7a do DF.<\/p>\n<p>Veja quem foi escolhido:<\/p>\n<ol>\n<li>Eliene Ferreira Bastos<\/li>\n<li>Z\u00e9lio Maia da Rocha<\/li>\n<li>Sergio Roberto Roncador<\/li>\n<li>Asdrubal Nascimento Lima J\u00fanior<\/li>\n<li>Carolina C. Guimar\u00e3es Lisboa<\/li>\n<li>Roberto Freitas Filho<\/li>\n<\/ol>\n<p>Desses nomes, o Pleno do Tribunal de Justi\u00e7a do DF dever\u00e1 escolher tr\u00eas. A lista tr\u00edplice ser\u00e1 enviada ao presidente Michel Temer para nomea\u00e7\u00e3o.<\/p>\n","protected":false},"excerpt":{"rendered":"<p>O Conselho da OAB-DF elegeu hoje (18\/11) entre 12 advogados a lista s\u00eaxtupla para a disputa \u00e0 vaga do quinto constitucional no Tribunal de Justi\u00e7a do DF. Veja quem foi escolhido: Eliene Ferreira Bastos Z\u00e9lio Maia da Rocha Sergio Roberto Roncador Asdrubal Nascimento Lima J\u00fanior Carolina C. Guimar\u00e3es Lisboa Roberto Freitas Filho Desses nomes, o Pleno do Tribunal de Justi\u00e7a [&hellip;]<\/p>\n","protected":false},"author":9,"featured_media":0,"comment_status":"open","ping_status":"closed","sticky":false,"template":"","format":"standard","meta":{"footnotes":""},"categories":[234],"tags":[],"class_list":["post-6556","post","type-post","status-publish","format-standard","hentry","category-cb-poder"],"_links":{"self":[{"href":"https:\/\/blogs.correiobraziliense.com.br\/cbpoder\/wp-json\/wp\/v2\/posts\/6556","targetHints":{"allow":["GET"]}}],"collection":[{"href":"https:\/\/blogs.correiobraziliense.com.br\/cbpoder\/wp-json\/wp\/v2\/posts"}],"about":[{"href":"https:\/\/blogs.correiobraziliense.com.br\/cbpoder\/wp-json\/wp\/v2\/types\/post"}],"author":[{"embeddable":true,"href":"https:\/\/blogs.correiobraziliense.com.br\/cbpoder\/wp-json\/wp\/v2\/users\/9"}],"replies":[{"embeddable":true,"href":"https:\/\/blogs.correiobraziliense.com.br\/cbpoder\/wp-json\/wp\/v2\/comments?post=6556"}],"version-history":[{"count":1,"href":"https:\/\/blogs.correiobraziliense.com.br\/cbpoder\/wp-json\/wp\/v2\/posts\/6556\/revisions"}],"predecessor-version":[{"id":6558,"href":"https:\/\/blogs.correiobraziliense.com.br\/cbpoder\/wp-json\/wp\/v2\/posts\/6556\/revisions\/6558"}],"wp:attachment":[{"href":"https:\/\/blogs.correiobraziliense.com.br\/cbpoder\/wp-json\/wp\/v2\/media?parent=6556"}],"wp:term":[{"taxonomy":"category","embeddable":true,"href":"https:\/\/blogs.correiobraziliense.com.br\/cbpoder\/wp-json\/wp\/v2\/categories?post=6556"},{"taxonomy":"post_tag","embeddable":true,"href":"https:\/\/blogs.correiobraziliense.com.br\/cbpoder\/wp-json\/wp\/v2\/tags?post=6556"}],"curies":[{"name":"wp","href":"https:\/\/api.w.org\/{rel}","templated":true}]}}