{"id":6420,"date":"2016-11-07T11:47:42","date_gmt":"2016-11-07T13:47:42","guid":{"rendered":"https:\/\/blogs.correiobraziliense.com.br\/cbpoder\/?p=6420"},"modified":"2016-11-07T10:48:02","modified_gmt":"2016-11-07T12:48:02","slug":"regras-para-concurso-contestadas-por-delegados","status":"publish","type":"post","link":"https:\/\/blogs.correiobraziliense.com.br\/cbpoder\/regras-para-concurso-contestadas-por-delegados\/","title":{"rendered":"Regras para concurso contestadas por delegados"},"content":{"rendered":"<p>Uma regra definida pela dire\u00e7\u00e3o-geral da Pol\u00edcia Civil para contrata\u00e7\u00e3o de novos delegados tem provocado rep\u00fadio nas redes de comunica\u00e7\u00e3o da categoria. Duas leis aprovadas em 2013 e 2014 tratam a carreira de delegado como jur\u00eddica e policial. Dessa forma, passam a exigir para o exerc\u00edcio do cargo tr\u00eas anos de atividade jur\u00eddica. Mas o comando da PCDF est\u00e1 considerando como v\u00e1lida a experi\u00eancia na faculdade de direito para avalia\u00e7\u00e3o no pr\u00f3ximo concurso. Delegados reclamam de que esse entendimento tromba com as determina\u00e7\u00f5es do Conselho Nacional de Justi\u00e7a (CNJ).<\/p>\n","protected":false},"excerpt":{"rendered":"<p>Uma regra definida pela dire\u00e7\u00e3o-geral da Pol\u00edcia Civil para contrata\u00e7\u00e3o de novos delegados tem provocado rep\u00fadio nas redes de comunica\u00e7\u00e3o da categoria. Duas leis aprovadas em 2013 e 2014 tratam a carreira de delegado como jur\u00eddica e policial. Dessa forma, passam a exigir para o exerc\u00edcio do cargo tr\u00eas anos de atividade jur\u00eddica. Mas o comando da PCDF est\u00e1 considerando [&hellip;]<\/p>\n","protected":false},"author":9,"featured_media":0,"comment_status":"open","ping_status":"closed","sticky":false,"template":"","format":"standard","meta":{"footnotes":""},"categories":[234],"tags":[],"class_list":["post-6420","post","type-post","status-publish","format-standard","hentry","category-cb-poder"],"_links":{"self":[{"href":"https:\/\/blogs.correiobraziliense.com.br\/cbpoder\/wp-json\/wp\/v2\/posts\/6420","targetHints":{"allow":["GET"]}}],"collection":[{"href":"https:\/\/blogs.correiobraziliense.com.br\/cbpoder\/wp-json\/wp\/v2\/posts"}],"about":[{"href":"https:\/\/blogs.correiobraziliense.com.br\/cbpoder\/wp-json\/wp\/v2\/types\/post"}],"author":[{"embeddable":true,"href":"https:\/\/blogs.correiobraziliense.com.br\/cbpoder\/wp-json\/wp\/v2\/users\/9"}],"replies":[{"embeddable":true,"href":"https:\/\/blogs.correiobraziliense.com.br\/cbpoder\/wp-json\/wp\/v2\/comments?post=6420"}],"version-history":[{"count":1,"href":"https:\/\/blogs.correiobraziliense.com.br\/cbpoder\/wp-json\/wp\/v2\/posts\/6420\/revisions"}],"predecessor-version":[{"id":6421,"href":"https:\/\/blogs.correiobraziliense.com.br\/cbpoder\/wp-json\/wp\/v2\/posts\/6420\/revisions\/6421"}],"wp:attachment":[{"href":"https:\/\/blogs.correiobraziliense.com.br\/cbpoder\/wp-json\/wp\/v2\/media?parent=6420"}],"wp:term":[{"taxonomy":"category","embeddable":true,"href":"https:\/\/blogs.correiobraziliense.com.br\/cbpoder\/wp-json\/wp\/v2\/categories?post=6420"},{"taxonomy":"post_tag","embeddable":true,"href":"https:\/\/blogs.correiobraziliense.com.br\/cbpoder\/wp-json\/wp\/v2\/tags?post=6420"}],"curies":[{"name":"wp","href":"https:\/\/api.w.org\/{rel}","templated":true}]}}