{"id":6415,"date":"2016-11-07T10:45:41","date_gmt":"2016-11-07T12:45:41","guid":{"rendered":"https:\/\/blogs.correiobraziliense.com.br\/cbpoder\/?p=6415"},"modified":"2016-11-07T14:29:17","modified_gmt":"2016-11-07T16:29:17","slug":"para-honrar-dividas-justica-suspende-carteira-de-habilitacao-e-passaporte-de-valmir-amaral","status":"publish","type":"post","link":"https:\/\/blogs.correiobraziliense.com.br\/cbpoder\/para-honrar-dividas-justica-suspende-carteira-de-habilitacao-e-passaporte-de-valmir-amaral\/","title":{"rendered":"Para honrar d\u00edvidas, Justi\u00e7a suspende carteira de habilita\u00e7\u00e3o e passaporte de Valmir Amaral"},"content":{"rendered":"<p>Numa decis\u00e3o in\u00e9dita, a Justi\u00e7a do DF mandou recolher o passaporte e a carteira de habilita\u00e7\u00e3o do ex-senador Valmir Amaral e de tr\u00eas parentes do empres\u00e1rio, como forma de for\u00e7\u00e1-los a pagar uma d\u00edvida avaliada em R$ 8 milh\u00f5es. A ju\u00edza Joselia Lehner Freitas Fajardo, da Vara C\u00edvel de Planaltina, acatou argumentos de um credor do conglomerado Amaral, representado pelo escrit\u00f3rio de advocacia neolaw.<\/p>\n<p>&nbsp;<\/p>\n<p>A decis\u00e3o levou em conta o Novo C\u00f3digo de Processo Civil, que estabelece novas regras para execu\u00e7\u00f5es de d\u00edvidas. Na decis\u00e3o, a ju\u00edza levou em conta o alto padr\u00e3o de vida que Amaral mant\u00e9m, apesar da fal\u00eancia das empresas na \u00e1rea de transporte. A fam\u00edlia n\u00e3o tem patrim\u00f4nio em seu nome e a Justi\u00e7a j\u00e1 tentou de todas as formas buscar bens para executar d\u00edvidas.<\/p>\n<p>&nbsp;<\/p>\n<p>Na decis\u00e3o, a ju\u00edza usou de certa ironia. Ao suspender o direito de dirigir, a magistrada registrou: \u201cSe n\u00e3o possuem ve\u00edculos, tamb\u00e9m n\u00e3o precisar\u00e3o de carteira de motorista para dirigir\u201d. Sobre o confisco dos passaportes, a ju\u00edza ressaltou: \u201cAtualmente no Brasil apenas viajam para o exterior as pessoas com alto padr\u00e3o aquisitivo, tendo em vista a alta do d\u00f3lar e o per\u00edodo de recess\u00e3o econ\u00f4mica\u201d.<\/p>\n","protected":false},"excerpt":{"rendered":"<p>Numa decis\u00e3o in\u00e9dita, a Justi\u00e7a do DF mandou recolher o passaporte e a carteira de habilita\u00e7\u00e3o do ex-senador Valmir Amaral e de tr\u00eas parentes do empres\u00e1rio, como forma de for\u00e7\u00e1-los a pagar uma d\u00edvida avaliada em R$ 8 milh\u00f5es. A ju\u00edza Joselia Lehner Freitas Fajardo, da Vara C\u00edvel de Planaltina, acatou argumentos de um credor do conglomerado Amaral, representado pelo [&hellip;]<\/p>\n","protected":false},"author":9,"featured_media":6416,"comment_status":"open","ping_status":"closed","sticky":false,"template":"","format":"standard","meta":{"footnotes":""},"categories":[234],"tags":[],"class_list":["post-6415","post","type-post","status-publish","format-standard","has-post-thumbnail","hentry","category-cb-poder"],"_links":{"self":[{"href":"https:\/\/blogs.correiobraziliense.com.br\/cbpoder\/wp-json\/wp\/v2\/posts\/6415","targetHints":{"allow":["GET"]}}],"collection":[{"href":"https:\/\/blogs.correiobraziliense.com.br\/cbpoder\/wp-json\/wp\/v2\/posts"}],"about":[{"href":"https:\/\/blogs.correiobraziliense.com.br\/cbpoder\/wp-json\/wp\/v2\/types\/post"}],"author":[{"embeddable":true,"href":"https:\/\/blogs.correiobraziliense.com.br\/cbpoder\/wp-json\/wp\/v2\/users\/9"}],"replies":[{"embeddable":true,"href":"https:\/\/blogs.correiobraziliense.com.br\/cbpoder\/wp-json\/wp\/v2\/comments?post=6415"}],"version-history":[{"count":2,"href":"https:\/\/blogs.correiobraziliense.com.br\/cbpoder\/wp-json\/wp\/v2\/posts\/6415\/revisions"}],"predecessor-version":[{"id":6424,"href":"https:\/\/blogs.correiobraziliense.com.br\/cbpoder\/wp-json\/wp\/v2\/posts\/6415\/revisions\/6424"}],"wp:featuredmedia":[{"embeddable":true,"href":"https:\/\/blogs.correiobraziliense.com.br\/cbpoder\/wp-json\/wp\/v2\/media\/6416"}],"wp:attachment":[{"href":"https:\/\/blogs.correiobraziliense.com.br\/cbpoder\/wp-json\/wp\/v2\/media?parent=6415"}],"wp:term":[{"taxonomy":"category","embeddable":true,"href":"https:\/\/blogs.correiobraziliense.com.br\/cbpoder\/wp-json\/wp\/v2\/categories?post=6415"},{"taxonomy":"post_tag","embeddable":true,"href":"https:\/\/blogs.correiobraziliense.com.br\/cbpoder\/wp-json\/wp\/v2\/tags?post=6415"}],"curies":[{"name":"wp","href":"https:\/\/api.w.org\/{rel}","templated":true}]}}