{"id":6411,"date":"2016-11-04T12:59:56","date_gmt":"2016-11-04T14:59:56","guid":{"rendered":"https:\/\/blogs.correiobraziliense.com.br\/cbpoder\/?p=6411"},"modified":"2016-11-04T11:43:36","modified_gmt":"2016-11-04T13:43:36","slug":"novo-codigo-disciplinar-preve-espetaculos-e-teve-nas-celas-para-os-presos","status":"publish","type":"post","link":"https:\/\/blogs.correiobraziliense.com.br\/cbpoder\/novo-codigo-disciplinar-preve-espetaculos-e-teve-nas-celas-para-os-presos\/","title":{"rendered":"Novo c\u00f3digo disciplinar prev\u00ea espet\u00e1culos e tev\u00ea nas celas para os presos"},"content":{"rendered":"<p>Foi aprovado na \u00faltima reuni\u00e3o da Comiss\u00e3o de Constitui\u00e7\u00e3o e Justi\u00e7a da C\u00e2mara Legislativa projeto de lei dos deputados Rodrigo Delmasso (PTN) e Raimundo Ribeiro (PPS) que cria o c\u00f3digo disciplinar penitenci\u00e1rio do Distrito Federal. O texto prev\u00ea que a autoridade administrativa da unidade prisional poder\u00e1 conceder benef\u00edcios, em caso de bom comportamento, como visitas extraordin\u00e1rias de familiares, frequ\u00eancia em programas de televis\u00e3o ou espet\u00e1culos art\u00edsticos, uso de aparelhos de r\u00e1dio e tev\u00ea, de propriedade do preso, na pr\u00f3pria cela. S\u00e3o consideradas faltas disciplinares o desleixo com a higiene corporal, estender roupa em local n\u00e3o permitido e deixar de se levantar diante da autoridade m\u00e1xima da unidade prisional ou de qualquer autoridade conhecida. Delmasso explica que alguns ajustes ser\u00e3o feitos por meio de emendas.<\/p>\n","protected":false},"excerpt":{"rendered":"<p>Foi aprovado na \u00faltima reuni\u00e3o da Comiss\u00e3o de Constitui\u00e7\u00e3o e Justi\u00e7a da C\u00e2mara Legislativa projeto de lei dos deputados Rodrigo Delmasso (PTN) e Raimundo Ribeiro (PPS) que cria o c\u00f3digo disciplinar penitenci\u00e1rio do Distrito Federal. O texto prev\u00ea que a autoridade administrativa da unidade prisional poder\u00e1 conceder benef\u00edcios, em caso de bom comportamento, como visitas extraordin\u00e1rias de familiares, frequ\u00eancia em [&hellip;]<\/p>\n","protected":false},"author":9,"featured_media":6412,"comment_status":"open","ping_status":"closed","sticky":false,"template":"","format":"standard","meta":{"footnotes":""},"categories":[234],"tags":[],"class_list":["post-6411","post","type-post","status-publish","format-standard","has-post-thumbnail","hentry","category-cb-poder"],"_links":{"self":[{"href":"https:\/\/blogs.correiobraziliense.com.br\/cbpoder\/wp-json\/wp\/v2\/posts\/6411","targetHints":{"allow":["GET"]}}],"collection":[{"href":"https:\/\/blogs.correiobraziliense.com.br\/cbpoder\/wp-json\/wp\/v2\/posts"}],"about":[{"href":"https:\/\/blogs.correiobraziliense.com.br\/cbpoder\/wp-json\/wp\/v2\/types\/post"}],"author":[{"embeddable":true,"href":"https:\/\/blogs.correiobraziliense.com.br\/cbpoder\/wp-json\/wp\/v2\/users\/9"}],"replies":[{"embeddable":true,"href":"https:\/\/blogs.correiobraziliense.com.br\/cbpoder\/wp-json\/wp\/v2\/comments?post=6411"}],"version-history":[{"count":1,"href":"https:\/\/blogs.correiobraziliense.com.br\/cbpoder\/wp-json\/wp\/v2\/posts\/6411\/revisions"}],"predecessor-version":[{"id":6413,"href":"https:\/\/blogs.correiobraziliense.com.br\/cbpoder\/wp-json\/wp\/v2\/posts\/6411\/revisions\/6413"}],"wp:featuredmedia":[{"embeddable":true,"href":"https:\/\/blogs.correiobraziliense.com.br\/cbpoder\/wp-json\/wp\/v2\/media\/6412"}],"wp:attachment":[{"href":"https:\/\/blogs.correiobraziliense.com.br\/cbpoder\/wp-json\/wp\/v2\/media?parent=6411"}],"wp:term":[{"taxonomy":"category","embeddable":true,"href":"https:\/\/blogs.correiobraziliense.com.br\/cbpoder\/wp-json\/wp\/v2\/categories?post=6411"},{"taxonomy":"post_tag","embeddable":true,"href":"https:\/\/blogs.correiobraziliense.com.br\/cbpoder\/wp-json\/wp\/v2\/tags?post=6411"}],"curies":[{"name":"wp","href":"https:\/\/api.w.org\/{rel}","templated":true}]}}