{"id":6409,"date":"2016-11-04T11:40:42","date_gmt":"2016-11-04T13:40:42","guid":{"rendered":"https:\/\/blogs.correiobraziliense.com.br\/cbpoder\/?p=6409"},"modified":"2016-11-04T11:40:42","modified_gmt":"2016-11-04T13:40:42","slug":"novo-round-da-guerra-entre-policia-civil-e-secretaria-de-seguranca-publica","status":"publish","type":"post","link":"https:\/\/blogs.correiobraziliense.com.br\/cbpoder\/novo-round-da-guerra-entre-policia-civil-e-secretaria-de-seguranca-publica\/","title":{"rendered":"Novo round da guerra entre a Pol\u00edcia Civil e a secret\u00e1ria de Seguran\u00e7a P\u00fablica"},"content":{"rendered":"<p>A nova pol\u00eamica na seguran\u00e7a p\u00fablica envolve a investiga\u00e7\u00e3o sobre a morte de uma jovem no Riacho Fundo. A m\u00e3e da adolescente foi recebida pela secret\u00e1ria de Seguran\u00e7a, M\u00e1rcia de Alencar, que prometeu prioridade nas investiga\u00e7\u00f5es. Em entrevista ontem, M\u00e1rcia disse que o caso estava sob a responsabilidade da Pol\u00edcia MIlitar e da ouvidoria da Secretaria de Seguran\u00e7a porque teria havido um &#8220;lapso temporal&#8221; no trabalho da Pol\u00edcia Civil. O motivo: as paralisa\u00e7\u00f5es da categoria no embate pela paridade com a Pol\u00edcia Federal teriam paralisado as investiga\u00e7\u00f5es da 29\u00aa DP. A declara\u00e7\u00e3o da secret\u00e1ria causou uma nota de rep\u00fadio do Sindicato dos Policiais Civis (Sinpol). A Divis\u00e3o de Comunica\u00e7\u00e3o (Divicom) da Pol\u00edcia Civil tamb\u00e9m rebateu a secret\u00e1ria: &#8220;A DRF (Delegacia de Repress\u00e3o a Roubos e Furtos) est\u00e1 investigando o caso e a PM n\u00e3o tem atribui\u00e7\u00e3o legal para investigar. Ap\u00f3s o crime ocorrer, por falha ou n\u00e3o na preven\u00e7\u00e3o, cabe \u00e0 Pol\u00edcia Civil e Judici\u00e1ria investigar e produzir as provas. Dizer que a PM pode ser acionada para investigar o crime \u00e9 um equ\u00edvoco jur\u00eddico&#8221;.<\/p>\n","protected":false},"excerpt":{"rendered":"<p>A nova pol\u00eamica na seguran\u00e7a p\u00fablica envolve a investiga\u00e7\u00e3o sobre a morte de uma jovem no Riacho Fundo. A m\u00e3e da adolescente foi recebida pela secret\u00e1ria de Seguran\u00e7a, M\u00e1rcia de Alencar, que prometeu prioridade nas investiga\u00e7\u00f5es. Em entrevista ontem, M\u00e1rcia disse que o caso estava sob a responsabilidade da Pol\u00edcia MIlitar e da ouvidoria da Secretaria de Seguran\u00e7a porque teria [&hellip;]<\/p>\n","protected":false},"author":9,"featured_media":0,"comment_status":"open","ping_status":"closed","sticky":false,"template":"","format":"standard","meta":{"footnotes":""},"categories":[234],"tags":[],"class_list":["post-6409","post","type-post","status-publish","format-standard","hentry","category-cb-poder"],"_links":{"self":[{"href":"https:\/\/blogs.correiobraziliense.com.br\/cbpoder\/wp-json\/wp\/v2\/posts\/6409","targetHints":{"allow":["GET"]}}],"collection":[{"href":"https:\/\/blogs.correiobraziliense.com.br\/cbpoder\/wp-json\/wp\/v2\/posts"}],"about":[{"href":"https:\/\/blogs.correiobraziliense.com.br\/cbpoder\/wp-json\/wp\/v2\/types\/post"}],"author":[{"embeddable":true,"href":"https:\/\/blogs.correiobraziliense.com.br\/cbpoder\/wp-json\/wp\/v2\/users\/9"}],"replies":[{"embeddable":true,"href":"https:\/\/blogs.correiobraziliense.com.br\/cbpoder\/wp-json\/wp\/v2\/comments?post=6409"}],"version-history":[{"count":1,"href":"https:\/\/blogs.correiobraziliense.com.br\/cbpoder\/wp-json\/wp\/v2\/posts\/6409\/revisions"}],"predecessor-version":[{"id":6410,"href":"https:\/\/blogs.correiobraziliense.com.br\/cbpoder\/wp-json\/wp\/v2\/posts\/6409\/revisions\/6410"}],"wp:attachment":[{"href":"https:\/\/blogs.correiobraziliense.com.br\/cbpoder\/wp-json\/wp\/v2\/media?parent=6409"}],"wp:term":[{"taxonomy":"category","embeddable":true,"href":"https:\/\/blogs.correiobraziliense.com.br\/cbpoder\/wp-json\/wp\/v2\/categories?post=6409"},{"taxonomy":"post_tag","embeddable":true,"href":"https:\/\/blogs.correiobraziliense.com.br\/cbpoder\/wp-json\/wp\/v2\/tags?post=6409"}],"curies":[{"name":"wp","href":"https:\/\/api.w.org\/{rel}","templated":true}]}}