{"id":6367,"date":"2016-11-01T21:35:06","date_gmt":"2016-11-01T23:35:06","guid":{"rendered":"https:\/\/blogs.correiobraziliense.com.br\/cbpoder\/?p=6367"},"modified":"2016-11-01T21:35:06","modified_gmt":"2016-11-01T23:35:06","slug":"rollemberg-garante-pagamento-em-dia-da-proxima-folha-de-salarios","status":"publish","type":"post","link":"https:\/\/blogs.correiobraziliense.com.br\/cbpoder\/rollemberg-garante-pagamento-em-dia-da-proxima-folha-de-salarios\/","title":{"rendered":"Rollemberg garante dep\u00f3sito em dia da pr\u00f3xima folha de pagamentos dos servidores do GDF"},"content":{"rendered":"<p>Depois do alerta sobre o poss\u00edvel atraso dos sal\u00e1rios de outubro que devem ser depositados no in\u00edcio de novembro, o governador Rodrigo Rollemberg (PSB) garantiu hoje (01\/10) que o pagamento vai entrar na conta dos servidores na pr\u00f3xima segunda-feira (07\/11). o 13\u00ba de quem faz anivers\u00e1rio em novembro ser\u00e1 pago no dia 14.<\/p>\n<p>Na semana passada, o chefe da Casa Civil, S\u00e9rgio Sampaio, afirmou em comunicado p\u00fablico que havia risco de atrasos nos sal\u00e1rios. Para honrar o compromisso, havia necessidade de cobrir uma diferen\u00e7a de R$ 76 milh\u00f5es nas contas p\u00fablicas. O dinheiro entrou com as negocia\u00e7\u00f5es do Refis, o programa de abatimento de juros e corre\u00e7\u00e3o monet\u00e1ria de d\u00edvidas.<\/p>\n<p>O montante arrecadado chegou at\u00e9 agora a R$56,3 \u00a0milh\u00f5es. Por causa do sucesso do programa, a Secretaria de Fazenda decidiu prorrogar o prazo para ades\u00e3o ao Refis at\u00e9 30 de novembro.<\/p>\n<p>Rollemberg ressaltou que a prioridade do governo tem sido o pagamento dos sal\u00e1rios. Por isso, h\u00e1 atrasos nas faturas devidas a fornecedores do GDF. &#8220;Vamos resolvendo os problemas. Mas nossa prioridade s\u00e3o os sal\u00e1rios dos servidores. Est\u00e1 mais do que claro que reajustes agora prejudicariam esse compromisso com a folha&#8221;, disse Rollemberg.<\/p>\n","protected":false},"excerpt":{"rendered":"<p>Depois do alerta sobre o poss\u00edvel atraso dos sal\u00e1rios de outubro que devem ser depositados no in\u00edcio de novembro, o governador Rodrigo Rollemberg (PSB) garantiu hoje (01\/10) que o pagamento vai entrar na conta dos servidores na pr\u00f3xima segunda-feira (07\/11). o 13\u00ba de quem faz anivers\u00e1rio em novembro ser\u00e1 pago no dia 14. Na semana passada, o chefe da Casa [&hellip;]<\/p>\n","protected":false},"author":9,"featured_media":6368,"comment_status":"open","ping_status":"closed","sticky":false,"template":"","format":"standard","meta":{"footnotes":""},"categories":[234],"tags":[],"class_list":["post-6367","post","type-post","status-publish","format-standard","has-post-thumbnail","hentry","category-cb-poder"],"_links":{"self":[{"href":"https:\/\/blogs.correiobraziliense.com.br\/cbpoder\/wp-json\/wp\/v2\/posts\/6367","targetHints":{"allow":["GET"]}}],"collection":[{"href":"https:\/\/blogs.correiobraziliense.com.br\/cbpoder\/wp-json\/wp\/v2\/posts"}],"about":[{"href":"https:\/\/blogs.correiobraziliense.com.br\/cbpoder\/wp-json\/wp\/v2\/types\/post"}],"author":[{"embeddable":true,"href":"https:\/\/blogs.correiobraziliense.com.br\/cbpoder\/wp-json\/wp\/v2\/users\/9"}],"replies":[{"embeddable":true,"href":"https:\/\/blogs.correiobraziliense.com.br\/cbpoder\/wp-json\/wp\/v2\/comments?post=6367"}],"version-history":[{"count":1,"href":"https:\/\/blogs.correiobraziliense.com.br\/cbpoder\/wp-json\/wp\/v2\/posts\/6367\/revisions"}],"predecessor-version":[{"id":6369,"href":"https:\/\/blogs.correiobraziliense.com.br\/cbpoder\/wp-json\/wp\/v2\/posts\/6367\/revisions\/6369"}],"wp:featuredmedia":[{"embeddable":true,"href":"https:\/\/blogs.correiobraziliense.com.br\/cbpoder\/wp-json\/wp\/v2\/media\/6368"}],"wp:attachment":[{"href":"https:\/\/blogs.correiobraziliense.com.br\/cbpoder\/wp-json\/wp\/v2\/media?parent=6367"}],"wp:term":[{"taxonomy":"category","embeddable":true,"href":"https:\/\/blogs.correiobraziliense.com.br\/cbpoder\/wp-json\/wp\/v2\/categories?post=6367"},{"taxonomy":"post_tag","embeddable":true,"href":"https:\/\/blogs.correiobraziliense.com.br\/cbpoder\/wp-json\/wp\/v2\/tags?post=6367"}],"curies":[{"name":"wp","href":"https:\/\/api.w.org\/{rel}","templated":true}]}}