{"id":6332,"date":"2016-10-30T17:07:55","date_gmt":"2016-10-30T19:07:55","guid":{"rendered":"https:\/\/blogs.correiobraziliense.com.br\/cbpoder\/?p=6332"},"modified":"2016-10-30T17:07:55","modified_gmt":"2016-10-30T19:07:55","slug":"6332-2","status":"publish","type":"post","link":"https:\/\/blogs.correiobraziliense.com.br\/cbpoder\/6332-2\/","title":{"rendered":"Para Arthur Trindade, governo Rollemberg abandonou pol\u00edtica de seguran\u00e7a p\u00fablica"},"content":{"rendered":"<p>ANA MARIA CAMPOS<\/p>\n<p>O 10\u00ba Anu\u00e1rio Brasileiro de Seguran\u00e7a P\u00fablica, que ser\u00e1 lan\u00e7ado nesta quinta-feira (03\/11) pelo F\u00f3rum Brasileiro de Seguran\u00e7a P\u00fablica, indica que, somente no ano passado, 58.383 brasileiros foram assassinados em nosso pa\u00eds. Morre mais gente no Brasil do que na S\u00edria, por exemplo, que enfrenta uma guerra, com bombardeiros constantes. No caso do Distrito Federal, no entanto, houve uma redu\u00e7\u00e3o de 13% no n\u00famero de homic\u00eddios em 2015, em rela\u00e7\u00e3o a 2014.<\/p>\n<p>Para o ex-secret\u00e1rio de Seguran\u00e7a P\u00fablica e Paz Social Arthur Trindade, o m\u00e9rito se deve ao trabalho de investiga\u00e7\u00e3o e intelig\u00eancia realizado pela Pol\u00edcia Civil em 2015. Ele diz que havia foco e coordena\u00e7\u00e3o, coisa que n\u00e3o existe mais. Um ano depois de deixar o cargo, Trindade acredita que o governo Rollemberg abandonou a pol\u00edtica de seguran\u00e7a. &#8220;Hoje a situa\u00e7\u00e3o \u00e9 mais preocupante, pois al\u00e9m de n\u00e3o termos uma pol\u00edtica de seguran\u00e7a, h\u00e1 um clima de animosidade entre as pol\u00edcias&#8221;, afirma.<\/p>\n<p>Arthur Trindade pediu exonera\u00e7\u00e3o em 5 de novembro do ano passado, depois de um embate com o ent\u00e3o comandante-geral da Pol\u00edcia Militar do DF, Coronel Florisvaldo C\u00e9sar. Hoje, o soci\u00f3logo, especialista em seguran\u00e7a p\u00fablica, diz que o descontentamento \u00e9 geral, inclusive dentro da Pol\u00edcia Militar. Motivo apontado pelo ex-secret\u00e1rio: o governador Rodrigo Rollemberg privilegia o grupo comandado pelo chefe da Casa Militar, Coronel Cl\u00e1udio Ribas. &#8220;No contexto local, os policiais civis se sentem, com certa raz\u00e3o, desprestigiados pelo governo&#8221;, afirma. &#8220;Mas a quest\u00e3o \u00e9 mais complexa. Mesmo na PM h\u00e1 descontentes&#8221;, acrescenta.<\/p>\n<p>Veja entrevista que Arthur Trindade concedeu ao <strong>Correio Braziliense<\/strong>:<\/p>\n<p><strong>Num comparativo internacional, morre mais gente no Brasil do que na S\u00edria, que est\u00e1 conflagrada por uma guerra. No Distrito Federal, no entanto, houve em 2015, na sua gest\u00e3o como secret\u00e1rio de Seguran\u00e7a P\u00fablica do DF, uma redu\u00e7\u00e3o no n\u00famero de mortes de 13% em rela\u00e7\u00e3o ao ano anterior. A que se deve isso?<\/strong><br \/>\nApesar dos n\u00fameros assustadores, o DF registrou a segunda maior queda de homic\u00eddios do Brasil em 2015, perdendo apenas para Alagoas. Esse resultado se deu, principalmente, por causa do trabalho de investiga\u00e7\u00e3o e intelig\u00eancia realizado pela Pol\u00edcia Civil do DF, coibindo a atua\u00e7\u00e3o de gangues. \u00c9 importante lembrar que 5 regi\u00f5es administrativas concentram mais de 52% dos homic\u00eddios. Portanto, precisamos focar as a\u00e7\u00f5es.<\/p>\n<p><strong>Esses avan\u00e7os na redu\u00e7\u00e3o do n\u00famero de homic\u00eddios se repetem em 2016?<\/strong><br \/>\nInfelizmente, este desempenho n\u00e3o ser\u00e1 repetido. At\u00e9 outubro, os homic\u00eddios ca\u00edram menos de 1% em rela\u00e7\u00e3o a 2015.<\/p>\n<p><strong>A pol\u00edtica de seguran\u00e7a p\u00fablica que come\u00e7ou a ser adotada na sua gest\u00e3o permanece ou foi esquecida?<\/strong><br \/>\nA pol\u00edtica adotada em 2015 foi abandonada. A maior parte da equipe j\u00e1 saiu da Secretaria de Seguran\u00e7a. Iniciativas como a C\u00e2mara T\u00e9cnica de Homic\u00eddios e o policiamento orientado para solu\u00e7\u00e3o de problemas foram interrompidas. Outras como a reestrutura\u00e7\u00e3o da CHPP (Coordena\u00e7\u00e3o de Homic\u00eddios e Prote\u00e7\u00e3o \u00e0 Pessoa) e a implanta\u00e7\u00e3o do policiamento comunit\u00e1rio, planejadas para 2016, sequer foram iniciadas. At\u00e9 a divulga\u00e7\u00e3o mensal dos dados criminais foi suspensa.<\/p>\n<p><strong>A que se deve essa crise na seguran\u00e7a p\u00fablica do DF?<\/strong><br \/>\nO DF tem o maior efetivo<em> per capta<\/em> de policiais do Brasil. Tamb\u00e9m temos o maior or\u00e7amento proporcional. O n\u00famero de policias por habitantes \u00e9 o mesmo de Nova York e Chicago. H\u00e1 poucos casos de corrup\u00e7\u00e3o e as pol\u00edcias gozam da confian\u00e7a da popula\u00e7\u00e3o. Apesar disso, os resultados s\u00e3o p\u00edfios. A taxa de homic\u00eddios e a percep\u00e7\u00e3o de inseguran\u00e7a seguem altas. Tudo isso porque n\u00e3o temos algo que mere\u00e7a o nome de Pol\u00edtica de Seguran\u00e7a P\u00fablica. O governo precisa ter coragem para enfrentar os interesses corporativos.<\/p>\n<p><strong>Como falar em integra\u00e7\u00e3o entre for\u00e7as policiais com o claro embate entre policiais civis e militares no DF?<\/strong><br \/>\nAntes de falar em coordena\u00e7\u00e3o e articula\u00e7\u00e3o de a\u00e7\u00f5es, \u00e9 necess\u00e1rio elaborar uma pol\u00edtica de seguran\u00e7a, com objetivos claros e metas coerentes. Quando n\u00e3o h\u00e1 uma pol\u00edtica que oriente as a\u00e7\u00f5es, as pol\u00edcias agem por conta pr\u00f3pria, aumentando a probabilidade de atritos. Hoje a situa\u00e7\u00e3o \u00e9 mais preocupante, pois al\u00e9m de n\u00e3o termos uma pol\u00edtica de seguran\u00e7a, h\u00e1 um clima de animosidade entre as pol\u00edcias.<\/p>\n<p><strong>O Distrito Federal enfrenta uma crise na seguran\u00e7a p\u00fablica, com policiais civis em sucessivas paralisa\u00e7\u00f5es em reivindica\u00e7\u00e3o pela paridade de sal\u00e1rios com a Pol\u00edcia Federal. Como resolver esse problema, j\u00e1 que o governo Rollemberg diz que n\u00e3o tem dinheiro para pagar o reajuste?<\/strong><br \/>\n\u00c9 preciso contextualizar. Todas as pol\u00edcias civis brasileiras est\u00e3o passando por uma grande crise de identidade. A maioria dos policiais civis dedica-se a trabalhos cartoriais e administrativos. Alguns grupos resistem a abrir m\u00e3o do Termo Circunstanciado, que aliviaria efetivos para serem empregados nas atividades de investiga\u00e7\u00e3o e intelig\u00eancia. Essa vis\u00e3o bacharelesca causa enorme frustra\u00e7\u00e3o. No contexto local, os policiais civis se sentem, com certa raz\u00e3o, desprestigiados pelo governo. Assim, a quest\u00e3o salarial que poderia ser resolvida por escalonamento, se tornou uma quest\u00e3o moral que uniu todos os grupos da Pol\u00edcia Civil do DF<\/p>\n<p><strong>Voc\u00ea deixou o governo de Rollemberg num embate com coron\u00e9is da Pol\u00edcia Militar. Acha que o governador privilegia a PM em detrimento das outras for\u00e7as de seguran\u00e7a?<\/strong><br \/>\n\u00c9 essa a impress\u00e3o que o governo passa quando s\u00f3 concede aumento aos policiais militares. Mas a quest\u00e3o \u00e9 mais complexa. Mesmo na PM h\u00e1 descontentes, pois as promo\u00e7\u00f5es de pra\u00e7as ainda est\u00e3o travadas e o novo plano de carreira foi esquecido. H\u00e1 tamb\u00e9m oficiais desmotivados por se sentirem preteridos. No fundo, o governador tem privilegiado um pequeno grupo de coron\u00e9is liderados pelo chefe da Casa Militar.<\/p>\n<p><strong>Na semana passada, o governador Rodrigo Rollemberg fez uma \u201csondagem\u201d ao ex-secret\u00e1rio de Seguran\u00e7a do Rio de Janeiro Jos\u00e9 Mariano Beltrame para o lugar de M\u00e1rcia de Alencar. Seria uma boa ideia?<\/strong><br \/>\nBeltrame \u00e9 um dos melhores quadros da seguran\u00e7a p\u00fablica no Brasil. Ele alia experi\u00eancia, seriedade e capacidade de gest\u00e3o. Mas \u00e9 importante lembrar que cada cidade tem suas especificidades. As solu\u00e7\u00f5es pensadas para o Rio de Janeiro ou Pernambuco n\u00e3o respondem aos problemas do DF. Elas podem ser adaptadas, mas nunca copiadas.<\/p>\n<p><strong>O DF precisa de um secret\u00e1rio ou secret\u00e1ria de Seguran\u00e7a P\u00fablica com qual perfil?<\/strong><br \/>\nO DF precisa de um (ou uma) secret\u00e1rio empoderado, capaz de elaborar e implantar uma pol\u00edtica. Pode ser um policial, um bombeiro, algu\u00e9m da \u00e1rea jur\u00eddica ou acad\u00eamica. Temos excelentes nomes nestas \u00e1reas. O problema n\u00e3o \u00e9 de perfil, mas sim de estrutura.<\/p>\n","protected":false},"excerpt":{"rendered":"<p>ANA MARIA CAMPOS O 10\u00ba Anu\u00e1rio Brasileiro de Seguran\u00e7a P\u00fablica, que ser\u00e1 lan\u00e7ado nesta quinta-feira (03\/11) pelo F\u00f3rum Brasileiro de Seguran\u00e7a P\u00fablica, indica que, somente no ano passado, 58.383 brasileiros foram assassinados em nosso pa\u00eds. Morre mais gente no Brasil do que na S\u00edria, por exemplo, que enfrenta uma guerra, com bombardeiros constantes. No caso do Distrito Federal, no entanto, [&hellip;]<\/p>\n","protected":false},"author":9,"featured_media":6333,"comment_status":"open","ping_status":"closed","sticky":false,"template":"","format":"standard","meta":{"footnotes":""},"categories":[234],"tags":[490,491,102,49,482],"class_list":["post-6332","post","type-post","status-publish","format-standard","has-post-thumbnail","hentry","category-cb-poder","tag-arthur-trindade","tag-casa-militar","tag-policia-civil","tag-rollemberg","tag-seguranca-publica"],"_links":{"self":[{"href":"https:\/\/blogs.correiobraziliense.com.br\/cbpoder\/wp-json\/wp\/v2\/posts\/6332","targetHints":{"allow":["GET"]}}],"collection":[{"href":"https:\/\/blogs.correiobraziliense.com.br\/cbpoder\/wp-json\/wp\/v2\/posts"}],"about":[{"href":"https:\/\/blogs.correiobraziliense.com.br\/cbpoder\/wp-json\/wp\/v2\/types\/post"}],"author":[{"embeddable":true,"href":"https:\/\/blogs.correiobraziliense.com.br\/cbpoder\/wp-json\/wp\/v2\/users\/9"}],"replies":[{"embeddable":true,"href":"https:\/\/blogs.correiobraziliense.com.br\/cbpoder\/wp-json\/wp\/v2\/comments?post=6332"}],"version-history":[{"count":1,"href":"https:\/\/blogs.correiobraziliense.com.br\/cbpoder\/wp-json\/wp\/v2\/posts\/6332\/revisions"}],"predecessor-version":[{"id":6334,"href":"https:\/\/blogs.correiobraziliense.com.br\/cbpoder\/wp-json\/wp\/v2\/posts\/6332\/revisions\/6334"}],"wp:featuredmedia":[{"embeddable":true,"href":"https:\/\/blogs.correiobraziliense.com.br\/cbpoder\/wp-json\/wp\/v2\/media\/6333"}],"wp:attachment":[{"href":"https:\/\/blogs.correiobraziliense.com.br\/cbpoder\/wp-json\/wp\/v2\/media?parent=6332"}],"wp:term":[{"taxonomy":"category","embeddable":true,"href":"https:\/\/blogs.correiobraziliense.com.br\/cbpoder\/wp-json\/wp\/v2\/categories?post=6332"},{"taxonomy":"post_tag","embeddable":true,"href":"https:\/\/blogs.correiobraziliense.com.br\/cbpoder\/wp-json\/wp\/v2\/tags?post=6332"}],"curies":[{"name":"wp","href":"https:\/\/api.w.org\/{rel}","templated":true}]}}