{"id":6308,"date":"2016-10-27T18:03:40","date_gmt":"2016-10-27T20:03:40","guid":{"rendered":"https:\/\/blogs.correiobraziliense.com.br\/cbpoder\/?p=6308"},"modified":"2016-10-27T18:29:20","modified_gmt":"2016-10-27T20:29:20","slug":"filiacao-de-alirio-neto-no-ptb-vira-ato-politico-para-as-proximas-eleicoes","status":"publish","type":"post","link":"https:\/\/blogs.correiobraziliense.com.br\/cbpoder\/filiacao-de-alirio-neto-no-ptb-vira-ato-politico-para-as-proximas-eleicoes\/","title":{"rendered":"Filia\u00e7\u00e3o de Al\u00edrio Neto no PTB vira ato pol\u00edtico para as pr\u00f3ximas elei\u00e7\u00f5es"},"content":{"rendered":"<p>V\u00e1rios pol\u00edticos acompanharam nesta tarde (27\/10) a filia\u00e7\u00e3o do delegado aposentado Al\u00edrio Neto no PTB do Distrito Federal. Ele chega para assumir a presid\u00eancia regional com liberdade para formar um grupo com vistas \u00e0s pr\u00f3ximas elei\u00e7\u00f5es.<\/p>\n<p>O convite partiu do presidente nacional do PTB, Roberto Jefferson. Acompanharam a solenidade o ex-deputado Jofran Frejat (PR), que disputou as \u00faltimas elei\u00e7\u00f5es no segundo turno contra Rodrigo Rollemberg, os deputados Izalci Lucas (PSDB-DF) e Alberto Fraga (DEM-DF), o ex-vice-governador Tadeu Filippelli, assessor do presidente Michel Temer, o ex-presidente do Tribunal de Contas da Uni\u00e3o (TCU) Valmir Campelo e o empres\u00e1rio Paulo Oct\u00e1vio.<\/p>\n<p>Entre os deputados distritais, estavam l\u00e1 Joe Vale (PDT), Welington Luiz (PMDB), Raimundo Ribeiro (PPS), Rodrigo Delmsasso (PTN) e Agaciel Maia (PR). Os ex-distritais Ben\u00edcio Tavares, Eliana Pedrosa, Jos\u00e9 Edmar, Geraldo Naves e Washington Mesquita.<\/p>\n<p>Ex-deputado distrital e ex-presidente da C\u00e2mara Legislativa, Al\u00edrio Neto assume a presid\u00eancia do PTB-DF depois que o partido ficou ac\u00e9falo com a pris\u00e3o e condena\u00e7\u00e3o do ex-senador Gim Argello na Opera\u00e7\u00e3o Lava-Jato. Al\u00edrio \u00e9 primeiro suplente de deputado federal.<\/p>\n","protected":false},"excerpt":{"rendered":"<p>V\u00e1rios pol\u00edticos acompanharam nesta tarde (27\/10) a filia\u00e7\u00e3o do delegado aposentado Al\u00edrio Neto no PTB do Distrito Federal. Ele chega para assumir a presid\u00eancia regional com liberdade para formar um grupo com vistas \u00e0s pr\u00f3ximas elei\u00e7\u00f5es. O convite partiu do presidente nacional do PTB, Roberto Jefferson. Acompanharam a solenidade o ex-deputado Jofran Frejat (PR), que disputou as \u00faltimas elei\u00e7\u00f5es no [&hellip;]<\/p>\n","protected":false},"author":9,"featured_media":6309,"comment_status":"open","ping_status":"closed","sticky":false,"template":"","format":"standard","meta":{"footnotes":""},"categories":[234],"tags":[],"class_list":["post-6308","post","type-post","status-publish","format-standard","has-post-thumbnail","hentry","category-cb-poder"],"_links":{"self":[{"href":"https:\/\/blogs.correiobraziliense.com.br\/cbpoder\/wp-json\/wp\/v2\/posts\/6308","targetHints":{"allow":["GET"]}}],"collection":[{"href":"https:\/\/blogs.correiobraziliense.com.br\/cbpoder\/wp-json\/wp\/v2\/posts"}],"about":[{"href":"https:\/\/blogs.correiobraziliense.com.br\/cbpoder\/wp-json\/wp\/v2\/types\/post"}],"author":[{"embeddable":true,"href":"https:\/\/blogs.correiobraziliense.com.br\/cbpoder\/wp-json\/wp\/v2\/users\/9"}],"replies":[{"embeddable":true,"href":"https:\/\/blogs.correiobraziliense.com.br\/cbpoder\/wp-json\/wp\/v2\/comments?post=6308"}],"version-history":[{"count":2,"href":"https:\/\/blogs.correiobraziliense.com.br\/cbpoder\/wp-json\/wp\/v2\/posts\/6308\/revisions"}],"predecessor-version":[{"id":6314,"href":"https:\/\/blogs.correiobraziliense.com.br\/cbpoder\/wp-json\/wp\/v2\/posts\/6308\/revisions\/6314"}],"wp:featuredmedia":[{"embeddable":true,"href":"https:\/\/blogs.correiobraziliense.com.br\/cbpoder\/wp-json\/wp\/v2\/media\/6309"}],"wp:attachment":[{"href":"https:\/\/blogs.correiobraziliense.com.br\/cbpoder\/wp-json\/wp\/v2\/media?parent=6308"}],"wp:term":[{"taxonomy":"category","embeddable":true,"href":"https:\/\/blogs.correiobraziliense.com.br\/cbpoder\/wp-json\/wp\/v2\/categories?post=6308"},{"taxonomy":"post_tag","embeddable":true,"href":"https:\/\/blogs.correiobraziliense.com.br\/cbpoder\/wp-json\/wp\/v2\/tags?post=6308"}],"curies":[{"name":"wp","href":"https:\/\/api.w.org\/{rel}","templated":true}]}}