{"id":6275,"date":"2016-10-26T18:15:42","date_gmt":"2016-10-26T20:15:42","guid":{"rendered":"https:\/\/blogs.correiobraziliense.com.br\/cbpoder\/?p=6275"},"modified":"2016-10-27T20:10:55","modified_gmt":"2016-10-27T22:10:55","slug":"mesmo-sem-pagar-reajustes-gdf-reconhece-risco-de-salarios-atrasarem-em-novembro","status":"publish","type":"post","link":"https:\/\/blogs.correiobraziliense.com.br\/cbpoder\/mesmo-sem-pagar-reajustes-gdf-reconhece-risco-de-salarios-atrasarem-em-novembro\/","title":{"rendered":"GDF alerta para risco de sal\u00e1rios atrasarem em novembro"},"content":{"rendered":"<p><strong>Ana Viriato<\/strong><\/p>\n<p>Horas ap\u00f3s o adiamento do ato unificado com indicativo de greve de 32 categorias do funcionalismo, o GDF voltou a pedir a compreens\u00e3o de sindicalistas em refer\u00eancia \u00e0s paralisa\u00e7\u00f5es iminentes, admitindo, at\u00e9 mesmo, dificuldades para fechar a folha de pagamento de novembro dos servidores. O secret\u00e1rio da Casa Civil, S\u00e9rgio Sampaio, afirmou, nesta quarta-feira (26\/10), que, caso n\u00e3o entre mais dinheiro no caixa, no quinto dia \u00fatil do m\u00eas, data da quita\u00e7\u00e3o dos sal\u00e1rios, ainda faltar\u00e3o R$ 76 milh\u00f5es ao Governo do DF para arcar com as despesas de pessoal do m\u00eas. &#8220;Respeitamos o papel dos sindicatos de exigir melhorias e o que foi prometido, mas, mesmo com todas as economias do Executivo, teremos problemas para pagar os sal\u00e1rios em dia&#8221;, destacou.<\/p>\n<p>&nbsp;<\/p>\n<p>Frente \u00e0s dificuldades, por\u00e9m, Sampaio ressaltou que a expectativa do GDF \u00e9 de angariar os valores necess\u00e1rios at\u00e9 o quinto dia \u00fatil, por meio de Programas de Regulariza\u00e7\u00e3o Fiscal, por exemplo. &#8220;Esperamos honrar o pagamento mensal. Aguardamos uma grande ades\u00e3o ao Refis no fim do m\u00eas. Isso injetaria recursos\u00a0necess\u00e1rios \u00e0 receita do GDF&#8221;. A folha de pagamento total dos servidores equivale a R$ 1,6 bilh\u00e3o. No ano passado, o Refis recolheu cerca de R$ 400 milh\u00f5es de forma imediata. Para 2016, a previs\u00e3o \u00e9 de que o GDF receba R$ 200 milh\u00f5es.<\/p>\n<p>&nbsp;<\/p>\n<p>Na tarde da \u00faltima ter\u00e7a-feira (25\/10), representantes\u00a0do governo j\u00e1 haviam se encontrado com sindicalistas para mostrar as contas do Executivo local e evidenciar a impossibilidade de conceder o pagamento da \u00faltima parcela do reajuste salarial reivindicado pelos servidores p\u00fablicos, pendente desde outubro de 2015.<\/p>\n<p>&nbsp;<\/p>\n<p>Apesar do discurso do Buriti, o movimento das categorias leva adiante a promessa de greves gerais. H\u00e1, por\u00e9m, um desacordo em rela\u00e7\u00e3o \u00e0 data de\u00a0in\u00edcio da paralisa\u00e7\u00e3o &#8211; alguns funcion\u00e1rios pretendem inici\u00e1-la em 3 de novembro e outros, em 10 de novembro, data da assembleia do Sindicato dos Professores (Sinpro-DF).<\/p>\n<p>&nbsp;<\/p>\n<p>O reajuste salarial das categorias, escalonado em tr\u00eas anos, foi concedido em 2013, durante a gest\u00e3o de Agnelo Queiroz. A \u00faltima parcela do aumento deveria ter sido paga em outubro de 2015. Entretanto, devido ao rombo nas contas brasilienses, Rodrigo Rollemberg (PSB) adiou a quita\u00e7\u00e3o para este ano.<\/p>\n<p>&nbsp;<\/p>\n<p>Ainda assim, o\u00a0Executivo n\u00e3o conseguiu a arrecada\u00e7\u00e3o\u00a0necess\u00e1ria para cumprir o prometido e, mais uma vez, cancelou o pagamento dos valores. Como justificativa, o GDF afirma ter ultrapassado o limite prudencial de gastos com pessoal imposto pela Lei de Responsabilidade Fiscal (LRF). Al\u00e9m disso, o Buriti ainda precisa de R$ 900 milh\u00f5es para fechar o ano com os pagamentos em dia e prev\u00ea um deficit de R$ 2,3 bilh\u00f5es para o in\u00edcio de 2017. A concess\u00e3o do reajuste salarial das 32 categorias custaria aos cofres p\u00fablicos R$ 1,5 bilh\u00e3o ao ano.\u00a0No momento, est\u00e3o em greve t\u00e9cnicos e auxiliares em enfermagem, t\u00e9cnicos em radiologia e agentes penitenci\u00e1rios.<\/p>\n","protected":false},"excerpt":{"rendered":"<p>Ana Viriato Horas ap\u00f3s o adiamento do ato unificado com indicativo de greve de 32 categorias do funcionalismo, o GDF voltou a pedir a compreens\u00e3o de sindicalistas em refer\u00eancia \u00e0s paralisa\u00e7\u00f5es iminentes, admitindo, at\u00e9 mesmo, dificuldades para fechar a folha de pagamento de novembro dos servidores. O secret\u00e1rio da Casa Civil, S\u00e9rgio Sampaio, afirmou, nesta quarta-feira (26\/10), que, caso n\u00e3o [&hellip;]<\/p>\n","protected":false},"author":9,"featured_media":6280,"comment_status":"open","ping_status":"open","sticky":false,"template":"","format":"standard","meta":{"footnotes":""},"categories":[234],"tags":[],"class_list":["post-6275","post","type-post","status-publish","format-standard","has-post-thumbnail","hentry","category-cb-poder"],"_links":{"self":[{"href":"https:\/\/blogs.correiobraziliense.com.br\/cbpoder\/wp-json\/wp\/v2\/posts\/6275","targetHints":{"allow":["GET"]}}],"collection":[{"href":"https:\/\/blogs.correiobraziliense.com.br\/cbpoder\/wp-json\/wp\/v2\/posts"}],"about":[{"href":"https:\/\/blogs.correiobraziliense.com.br\/cbpoder\/wp-json\/wp\/v2\/types\/post"}],"author":[{"embeddable":true,"href":"https:\/\/blogs.correiobraziliense.com.br\/cbpoder\/wp-json\/wp\/v2\/users\/9"}],"replies":[{"embeddable":true,"href":"https:\/\/blogs.correiobraziliense.com.br\/cbpoder\/wp-json\/wp\/v2\/comments?post=6275"}],"version-history":[{"count":8,"href":"https:\/\/blogs.correiobraziliense.com.br\/cbpoder\/wp-json\/wp\/v2\/posts\/6275\/revisions"}],"predecessor-version":[{"id":6284,"href":"https:\/\/blogs.correiobraziliense.com.br\/cbpoder\/wp-json\/wp\/v2\/posts\/6275\/revisions\/6284"}],"wp:featuredmedia":[{"embeddable":true,"href":"https:\/\/blogs.correiobraziliense.com.br\/cbpoder\/wp-json\/wp\/v2\/media\/6280"}],"wp:attachment":[{"href":"https:\/\/blogs.correiobraziliense.com.br\/cbpoder\/wp-json\/wp\/v2\/media?parent=6275"}],"wp:term":[{"taxonomy":"category","embeddable":true,"href":"https:\/\/blogs.correiobraziliense.com.br\/cbpoder\/wp-json\/wp\/v2\/categories?post=6275"},{"taxonomy":"post_tag","embeddable":true,"href":"https:\/\/blogs.correiobraziliense.com.br\/cbpoder\/wp-json\/wp\/v2\/tags?post=6275"}],"curies":[{"name":"wp","href":"https:\/\/api.w.org\/{rel}","templated":true}]}}