{"id":6270,"date":"2016-10-26T16:31:27","date_gmt":"2016-10-26T18:31:27","guid":{"rendered":"https:\/\/blogs.correiobraziliense.com.br\/cbpoder\/?p=6270"},"modified":"2016-10-26T16:39:14","modified_gmt":"2016-10-26T18:39:14","slug":"experiencia-do-df-com-processos-participativos-e-levada-onu","status":"publish","type":"post","link":"https:\/\/blogs.correiobraziliense.com.br\/cbpoder\/experiencia-do-df-com-processos-participativos-e-levada-onu\/","title":{"rendered":"Experi\u00eancia do Distrito Federal com processos participativos \u00e9 levada \u00e0 ONU"},"content":{"rendered":"<p>A experi\u00eancia do Distrito Federal com processos participativos foi levada \u00e0 Confer\u00eancia das Na\u00e7\u00f5es Unidas sobre Moradia e Desenvolvimento Urbano Sustent\u00e1vel, realizada este m\u00eas em Quito, no Equador. O evento, realizado a cada 20 anos, est\u00e1 em sua terceira edi\u00e7\u00e3o. O secret\u00e1rio de Gest\u00e3o do Territ\u00f3rio e Habita\u00e7\u00e3o, Thiago de Andrade, representou o GDF no encontro e apresentou detalhes da metodologia adotada para criar leis em parceria com a comunidade e com organiza\u00e7\u00f5es da sociedade civil. Ele tamb\u00e9m detalhou a iniciativa de cria\u00e7\u00e3o do geoportal, que d\u00e1 transpar\u00eancia a dados de georeferenciamento de todo o territ\u00f3rio do DF. Antes da confer\u00eancia da ONU, Thiago tamb\u00e9m representou o GDF em uma reuni\u00e3o da organiza\u00e7\u00e3o Cidades e Governos Locais Unidos (CGLU), em Bogot\u00e1, na Col\u00f4mbia, onde foram feitas discuss\u00f5es t\u00e9cnicas sobre temas como gest\u00e3o urbana, seguran\u00e7a e financiamento das cidades.<\/p>\n","protected":false},"excerpt":{"rendered":"<p>A experi\u00eancia do Distrito Federal com processos participativos foi levada \u00e0 Confer\u00eancia das Na\u00e7\u00f5es Unidas sobre Moradia e Desenvolvimento Urbano Sustent\u00e1vel, realizada este m\u00eas em Quito, no Equador. O evento, realizado a cada 20 anos, est\u00e1 em sua terceira edi\u00e7\u00e3o. O secret\u00e1rio de Gest\u00e3o do Territ\u00f3rio e Habita\u00e7\u00e3o, Thiago de Andrade, representou o GDF no encontro e apresentou detalhes da [&hellip;]<\/p>\n","protected":false},"author":9,"featured_media":6271,"comment_status":"open","ping_status":"closed","sticky":false,"template":"","format":"standard","meta":{"footnotes":""},"categories":[234],"tags":[],"class_list":["post-6270","post","type-post","status-publish","format-standard","has-post-thumbnail","hentry","category-cb-poder"],"_links":{"self":[{"href":"https:\/\/blogs.correiobraziliense.com.br\/cbpoder\/wp-json\/wp\/v2\/posts\/6270","targetHints":{"allow":["GET"]}}],"collection":[{"href":"https:\/\/blogs.correiobraziliense.com.br\/cbpoder\/wp-json\/wp\/v2\/posts"}],"about":[{"href":"https:\/\/blogs.correiobraziliense.com.br\/cbpoder\/wp-json\/wp\/v2\/types\/post"}],"author":[{"embeddable":true,"href":"https:\/\/blogs.correiobraziliense.com.br\/cbpoder\/wp-json\/wp\/v2\/users\/9"}],"replies":[{"embeddable":true,"href":"https:\/\/blogs.correiobraziliense.com.br\/cbpoder\/wp-json\/wp\/v2\/comments?post=6270"}],"version-history":[{"count":3,"href":"https:\/\/blogs.correiobraziliense.com.br\/cbpoder\/wp-json\/wp\/v2\/posts\/6270\/revisions"}],"predecessor-version":[{"id":6274,"href":"https:\/\/blogs.correiobraziliense.com.br\/cbpoder\/wp-json\/wp\/v2\/posts\/6270\/revisions\/6274"}],"wp:featuredmedia":[{"embeddable":true,"href":"https:\/\/blogs.correiobraziliense.com.br\/cbpoder\/wp-json\/wp\/v2\/media\/6271"}],"wp:attachment":[{"href":"https:\/\/blogs.correiobraziliense.com.br\/cbpoder\/wp-json\/wp\/v2\/media?parent=6270"}],"wp:term":[{"taxonomy":"category","embeddable":true,"href":"https:\/\/blogs.correiobraziliense.com.br\/cbpoder\/wp-json\/wp\/v2\/categories?post=6270"},{"taxonomy":"post_tag","embeddable":true,"href":"https:\/\/blogs.correiobraziliense.com.br\/cbpoder\/wp-json\/wp\/v2\/tags?post=6270"}],"curies":[{"name":"wp","href":"https:\/\/api.w.org\/{rel}","templated":true}]}}