{"id":6267,"date":"2016-10-26T16:28:50","date_gmt":"2016-10-26T18:28:50","guid":{"rendered":"https:\/\/blogs.correiobraziliense.com.br\/cbpoder\/?p=6267"},"modified":"2016-10-26T16:28:50","modified_gmt":"2016-10-26T18:28:50","slug":"alirio-neto-ganha-carta-branca-do-ptb-para-montar-projeto-politico-no-distrito-federal","status":"publish","type":"post","link":"https:\/\/blogs.correiobraziliense.com.br\/cbpoder\/alirio-neto-ganha-carta-branca-do-ptb-para-montar-projeto-politico-no-distrito-federal\/","title":{"rendered":"Al\u00edrio Neto ganha carta branca do PTB para montar projeto pol\u00edtico no Distrito Federal"},"content":{"rendered":"<p>O ex-deputado Al\u00edrio Neto assume amanh\u00e3, em evento com a participa\u00e7\u00e3o de v\u00e1rios pol\u00edticos, a presid\u00eancia do PTB, a convite do l\u00edder nacional do partido, Roberto Jefferson. Al\u00edrio chega com liberdade para montar o projeto pol\u00edtico da legenda, que contar\u00e1 na pr\u00f3xima campanha com aproximadamente 3 minutos e 30 segundos no hor\u00e1rio eleitoral. Pela negocia\u00e7\u00e3o, Al\u00edrio dever\u00e1 trabalhar para que o PTB tenha um representante na disputa a cargo majorit\u00e1rio, ou seja, senador, vice-governador ou governador. A entrada no partido reunir\u00e1 amanh\u00e3 diversos pol\u00edticos, num dos atos preparat\u00f3rios para o in\u00edcio da corrida eleitoral.<\/p>\n<p>&nbsp;<\/p>\n<p><strong>Liliane ter\u00e1 de repensar planos<\/strong><br \/>\nCom Al\u00edrio Neto no comando do PTB, a deputada Liliane Roriz ter\u00e1 de se submeter aos planos e costuras pol\u00edticas do ex-deputado. Ou mudar de partido. Ela foi pega de surpresa com a escolha de Roberto Jefferson. No fim de semana, a filha do ex-governador Joaquim Roriz participou de um evento em Samambaia ao lado de Tadeu Filippelli. Logo, come\u00e7aram os rumores de que a chapa estava montada, tendo Filippelli como candidato ao Pal\u00e1cio do Buriti, com Liliane de vice. Mas o ex-vice-governador do DF comanda dois partidos: o PMDB e o PP. N\u00e3o vai faltar espa\u00e7o para a herdeira do cl\u00e3 Roriz.<\/p>\n","protected":false},"excerpt":{"rendered":"<p>O ex-deputado Al\u00edrio Neto assume amanh\u00e3, em evento com a participa\u00e7\u00e3o de v\u00e1rios pol\u00edticos, a presid\u00eancia do PTB, a convite do l\u00edder nacional do partido, Roberto Jefferson. Al\u00edrio chega com liberdade para montar o projeto pol\u00edtico da legenda, que contar\u00e1 na pr\u00f3xima campanha com aproximadamente 3 minutos e 30 segundos no hor\u00e1rio eleitoral. Pela negocia\u00e7\u00e3o, Al\u00edrio dever\u00e1 trabalhar para que [&hellip;]<\/p>\n","protected":false},"author":9,"featured_media":6268,"comment_status":"open","ping_status":"closed","sticky":false,"template":"","format":"standard","meta":{"footnotes":""},"categories":[234],"tags":[],"class_list":["post-6267","post","type-post","status-publish","format-standard","has-post-thumbnail","hentry","category-cb-poder"],"_links":{"self":[{"href":"https:\/\/blogs.correiobraziliense.com.br\/cbpoder\/wp-json\/wp\/v2\/posts\/6267","targetHints":{"allow":["GET"]}}],"collection":[{"href":"https:\/\/blogs.correiobraziliense.com.br\/cbpoder\/wp-json\/wp\/v2\/posts"}],"about":[{"href":"https:\/\/blogs.correiobraziliense.com.br\/cbpoder\/wp-json\/wp\/v2\/types\/post"}],"author":[{"embeddable":true,"href":"https:\/\/blogs.correiobraziliense.com.br\/cbpoder\/wp-json\/wp\/v2\/users\/9"}],"replies":[{"embeddable":true,"href":"https:\/\/blogs.correiobraziliense.com.br\/cbpoder\/wp-json\/wp\/v2\/comments?post=6267"}],"version-history":[{"count":1,"href":"https:\/\/blogs.correiobraziliense.com.br\/cbpoder\/wp-json\/wp\/v2\/posts\/6267\/revisions"}],"predecessor-version":[{"id":6269,"href":"https:\/\/blogs.correiobraziliense.com.br\/cbpoder\/wp-json\/wp\/v2\/posts\/6267\/revisions\/6269"}],"wp:featuredmedia":[{"embeddable":true,"href":"https:\/\/blogs.correiobraziliense.com.br\/cbpoder\/wp-json\/wp\/v2\/media\/6268"}],"wp:attachment":[{"href":"https:\/\/blogs.correiobraziliense.com.br\/cbpoder\/wp-json\/wp\/v2\/media?parent=6267"}],"wp:term":[{"taxonomy":"category","embeddable":true,"href":"https:\/\/blogs.correiobraziliense.com.br\/cbpoder\/wp-json\/wp\/v2\/categories?post=6267"},{"taxonomy":"post_tag","embeddable":true,"href":"https:\/\/blogs.correiobraziliense.com.br\/cbpoder\/wp-json\/wp\/v2\/tags?post=6267"}],"curies":[{"name":"wp","href":"https:\/\/api.w.org\/{rel}","templated":true}]}}