{"id":6195,"date":"2016-10-22T15:28:40","date_gmt":"2016-10-22T17:28:40","guid":{"rendered":"https:\/\/blogs.correiobraziliense.com.br\/cbpoder\/?p=6195"},"modified":"2016-10-22T15:28:40","modified_gmt":"2016-10-22T17:28:40","slug":"diretor-geral-da-policia-civil-eric-seba-sofre-pressao-para-readmitir-delegados-exonerados","status":"publish","type":"post","link":"https:\/\/blogs.correiobraziliense.com.br\/cbpoder\/diretor-geral-da-policia-civil-eric-seba-sofre-pressao-para-readmitir-delegados-exonerados\/","title":{"rendered":"Diretor-geral da Pol\u00edcia Civil, Eric Seba sofre press\u00e3o para readmitir delegados exonerados"},"content":{"rendered":"<p>Eric Seba: entre a autoridade e a paralisa\u00e7\u00e3o<\/p>\n<p>O diretor-geral da Pol\u00edcia Civil, Eric Seba, chegou ao momento mais cr\u00edtico de sua administra\u00e7\u00e3o. Tentou dar um xeque mate nas revoltas internas, ao exonerar sete delegados cr\u00edticos \u00e0 sua gest\u00e3o e demonstrar autoridade, mas encerrou o dia sob press\u00e3o. Os atos foram publicados ontem no Di\u00e1rio Oficial do DF, assinados pelo governador Rodrigo Rollemberg (PSB). O problema \u00e9 que a medida causou um rev\u00e9s. A rea\u00e7\u00e3o inflamada da categoria contra as exonera\u00e7\u00f5es, refor\u00e7ada na assembleia do Sindicato dos Delegados de Pol\u00edcia Civil (Sindepo), no fim da tarde de ontem, deixou Seba quase sem sa\u00edda.<\/p>\n<p>&nbsp;<\/p>\n<p>Os delegados deram um ultimato: ou diretor-geral readmite os sete delegados ou exonera todos os ocupantes de cargos comissionados, o que criaria um caos em todas as unidades policiais. Se nada disso acontecer, a Pol\u00edcia Civil vai cruzar os bra\u00e7os. Uma paralisa\u00e7\u00e3o de 48 horas j\u00e1 est\u00e1 programada para o in\u00edcio da pr\u00f3xima semana. Seba, ent\u00e3o, tem de decidir entre manter a autoridade, insistindo nas exonera\u00e7\u00f5es, ou ver a categoria acirrar ainda mais o movimento pela paridade dos sal\u00e1rios com a Pol\u00edcia Federal e por mais estrutura para a abertura de delegacias fora do hor\u00e1rio normal de expediente.<\/p>\n","protected":false},"excerpt":{"rendered":"<p>Eric Seba: entre a autoridade e a paralisa\u00e7\u00e3o O diretor-geral da Pol\u00edcia Civil, Eric Seba, chegou ao momento mais cr\u00edtico de sua administra\u00e7\u00e3o. Tentou dar um xeque mate nas revoltas internas, ao exonerar sete delegados cr\u00edticos \u00e0 sua gest\u00e3o e demonstrar autoridade, mas encerrou o dia sob press\u00e3o. Os atos foram publicados ontem no Di\u00e1rio Oficial do DF, assinados pelo [&hellip;]<\/p>\n","protected":false},"author":9,"featured_media":6197,"comment_status":"open","ping_status":"closed","sticky":false,"template":"","format":"standard","meta":{"footnotes":""},"categories":[234],"tags":[],"class_list":["post-6195","post","type-post","status-publish","format-standard","has-post-thumbnail","hentry","category-cb-poder"],"_links":{"self":[{"href":"https:\/\/blogs.correiobraziliense.com.br\/cbpoder\/wp-json\/wp\/v2\/posts\/6195","targetHints":{"allow":["GET"]}}],"collection":[{"href":"https:\/\/blogs.correiobraziliense.com.br\/cbpoder\/wp-json\/wp\/v2\/posts"}],"about":[{"href":"https:\/\/blogs.correiobraziliense.com.br\/cbpoder\/wp-json\/wp\/v2\/types\/post"}],"author":[{"embeddable":true,"href":"https:\/\/blogs.correiobraziliense.com.br\/cbpoder\/wp-json\/wp\/v2\/users\/9"}],"replies":[{"embeddable":true,"href":"https:\/\/blogs.correiobraziliense.com.br\/cbpoder\/wp-json\/wp\/v2\/comments?post=6195"}],"version-history":[{"count":1,"href":"https:\/\/blogs.correiobraziliense.com.br\/cbpoder\/wp-json\/wp\/v2\/posts\/6195\/revisions"}],"predecessor-version":[{"id":6198,"href":"https:\/\/blogs.correiobraziliense.com.br\/cbpoder\/wp-json\/wp\/v2\/posts\/6195\/revisions\/6198"}],"wp:featuredmedia":[{"embeddable":true,"href":"https:\/\/blogs.correiobraziliense.com.br\/cbpoder\/wp-json\/wp\/v2\/media\/6197"}],"wp:attachment":[{"href":"https:\/\/blogs.correiobraziliense.com.br\/cbpoder\/wp-json\/wp\/v2\/media?parent=6195"}],"wp:term":[{"taxonomy":"category","embeddable":true,"href":"https:\/\/blogs.correiobraziliense.com.br\/cbpoder\/wp-json\/wp\/v2\/categories?post=6195"},{"taxonomy":"post_tag","embeddable":true,"href":"https:\/\/blogs.correiobraziliense.com.br\/cbpoder\/wp-json\/wp\/v2\/tags?post=6195"}],"curies":[{"name":"wp","href":"https:\/\/api.w.org\/{rel}","templated":true}]}}