{"id":6165,"date":"2016-10-21T15:17:40","date_gmt":"2016-10-21T17:17:40","guid":{"rendered":"https:\/\/blogs.correiobraziliense.com.br\/cbpoder\/?p=6165"},"modified":"2016-10-27T20:10:57","modified_gmt":"2016-10-27T22:10:57","slug":"medico-destruiu-provas-do-esquema-da-mafia-das-proteses-afirma-mp","status":"publish","type":"post","link":"https:\/\/blogs.correiobraziliense.com.br\/cbpoder\/medico-destruiu-provas-do-esquema-da-mafia-das-proteses-afirma-mp\/","title":{"rendered":"M\u00e9dico queimou prontu\u00e1rios que provavam esquema da M\u00e1fia das Pr\u00f3teses, afirma MP"},"content":{"rendered":"<p><strong>Ana Viriato<\/strong><\/p>\n<p>O m\u00e9dico Fabiano Duarte Dutra queimou prontu\u00e1rios, pen drives, indicativos de repasses monet\u00e1rios, entre outras dezenas de documentos p\u00fablicos e privados, tr\u00eas dias ap\u00f3s a deflagra\u00e7\u00e3o da Opera\u00e7\u00e3o Mister Hyde, em 4 de setembro, no Parque Dom Bosco. A informa\u00e7\u00e3o, embasada por filmagens do local e pela den\u00fancia de uma testemunha presencial, foi anunciada na tarde desta sexta-feira (21\/10), pelo Minist\u00e9rio P\u00fablico do DF e Territ\u00f3rios (MPDFT) e pela Delegacia de Repress\u00e3o ao Crime Organizado (Deco).<\/p>\n<p>&nbsp;<\/p>\n<p>O ortopedista foi preso preventivamente na manh\u00e3 desta sexta-feira, durante a deflagra\u00e7\u00e3o da terceira fase da Mister Hyde. A opera\u00e7\u00e3o investiga um suposto conchavo composto por m\u00e9dicos, hospitais e empresas de \u00f3rteses, pr\u00f3teses e materiais especiais (OPMEs), que enriqueciam com a realiza\u00e7\u00e3o de cirurgias desnecess\u00e1rias, superfaturamento de equipamentos, troca fraudulenta de pr\u00f3teses e uso de artefatos vencidos em pacientes.<\/p>\n<p>&nbsp;<\/p>\n<p>O MPDFT j\u00e1 ofereceu den\u00fancias contra Fabiano Dutra por supress\u00e3o de documentos e embara\u00e7o da investiga\u00e7\u00e3o em caso de organiza\u00e7\u00e3o criminosa. O m\u00e9dico estava sob os olhos da Justi\u00e7a desde a primeira fase da Opera\u00e7\u00e3o Mister Hyde, quando uma suposta v\u00edtima dele teria procurado a Pol\u00edcia Civil para prestar acusa\u00e7\u00f5es.\u00a0Segundo o delegado da Deco Adriano Valente, &#8220;os documentos foram destru\u00eddos, porque poderiam apresentar\u00a0grande relev\u00e2ncia \u00e0s investiga\u00e7\u00f5es&#8221;.<\/p>\n<p>&nbsp;<\/p>\n<p><strong>Rede p\u00fablica<\/strong><\/p>\n<p>Fabiano Dutra era, al\u00e9m de m\u00e9dico, coordenador t\u00e9cnico de ortopedia da Secretaria de Sa\u00fade do Distrito Federal. O cargo concedia a ele o poder de, por exemplo, designar a quantidade de artefatos do setor a serem adquiridos, al\u00e9m de escolher o fornecedor dos materiais. Dessa forma, a Pol\u00edcia Civil e o Minist\u00e9rio P\u00fablico do Distrito Federal querem saber se o esquema ocorria tamb\u00e9m na rede p\u00fablica de sa\u00fade do DF.<\/p>\n<p>&nbsp;<\/p>\n<p>Em nota, a dire\u00e7\u00e3o do Hospital Home\u00a0informa que &#8220;segue colaborando com o Minist\u00e9rio P\u00fablico do Distrito Federal e a Pol\u00edcia Civil, fornecendo documentos e esclarecimentos solicitados, e reafirma que o hospital n\u00e3o tem qualquer rela\u00e7\u00e3o com os fatos apontados pelas investiga\u00e7\u00f5es&#8221;. De acordo com a institui\u00e7\u00e3o, &#8220;o Home foi surpreendido\u00a0com a informa\u00e7\u00e3o\u00a0da\u00a0deten\u00e7\u00e3o provis\u00f3ria de um dos m\u00e9dicos que atende no hospital, ocorrida na manh\u00e3 de hoje, em sua resid\u00eancia. Sem saber mais detalhes acerca dos motivos da pris\u00e3o, aguardar\u00e1 o avan\u00e7o das investiga\u00e7\u00f5es para se pronunciar a respeito&#8221;.<\/p>\n<p>&nbsp;<\/p>\n<p>&nbsp;<\/p>\n<p>&nbsp;<\/p>\n<figure id=\"attachment_6172\" aria-describedby=\"caption-attachment-6172\" style=\"width: 300px\" class=\"wp-caption alignnone\"><a href=\"https:\/\/blogs.correiobraziliense.com.br\/cbpoder\/wp-content\/uploads\/sites\/5\/2016\/10\/Hyde3.jpg\" rel=\"attachment wp-att-6172\"><img loading=\"lazy\" decoding=\"async\" class=\"size-medium wp-image-6172\" src=\"https:\/\/blogs.correiobraziliense.com.br\/cbpoder\/wp-content\/uploads\/sites\/5\/2016\/10\/Hyde3-300x169.jpg\" alt=\"Reprodu\u00e7\u00e3o\" width=\"300\" height=\"169\" \/><\/a><figcaption id=\"caption-attachment-6172\" class=\"wp-caption-text\">Reprodu\u00e7\u00e3o<\/figcaption><\/figure>\n","protected":false},"excerpt":{"rendered":"<p>Ana Viriato O m\u00e9dico Fabiano Duarte Dutra queimou prontu\u00e1rios, pen drives, indicativos de repasses monet\u00e1rios, entre outras dezenas de documentos p\u00fablicos e privados, tr\u00eas dias ap\u00f3s a deflagra\u00e7\u00e3o da Opera\u00e7\u00e3o Mister Hyde, em 4 de setembro, no Parque Dom Bosco. A informa\u00e7\u00e3o, embasada por filmagens do local e pela den\u00fancia de uma testemunha presencial, foi anunciada na tarde desta sexta-feira [&hellip;]<\/p>\n","protected":false},"author":9,"featured_media":0,"comment_status":"open","ping_status":"open","sticky":false,"template":"","format":"standard","meta":{"footnotes":""},"categories":[234],"tags":[],"class_list":["post-6165","post","type-post","status-publish","format-standard","hentry","category-cb-poder"],"_links":{"self":[{"href":"https:\/\/blogs.correiobraziliense.com.br\/cbpoder\/wp-json\/wp\/v2\/posts\/6165","targetHints":{"allow":["GET"]}}],"collection":[{"href":"https:\/\/blogs.correiobraziliense.com.br\/cbpoder\/wp-json\/wp\/v2\/posts"}],"about":[{"href":"https:\/\/blogs.correiobraziliense.com.br\/cbpoder\/wp-json\/wp\/v2\/types\/post"}],"author":[{"embeddable":true,"href":"https:\/\/blogs.correiobraziliense.com.br\/cbpoder\/wp-json\/wp\/v2\/users\/9"}],"replies":[{"embeddable":true,"href":"https:\/\/blogs.correiobraziliense.com.br\/cbpoder\/wp-json\/wp\/v2\/comments?post=6165"}],"version-history":[{"count":7,"href":"https:\/\/blogs.correiobraziliense.com.br\/cbpoder\/wp-json\/wp\/v2\/posts\/6165\/revisions"}],"predecessor-version":[{"id":6179,"href":"https:\/\/blogs.correiobraziliense.com.br\/cbpoder\/wp-json\/wp\/v2\/posts\/6165\/revisions\/6179"}],"wp:attachment":[{"href":"https:\/\/blogs.correiobraziliense.com.br\/cbpoder\/wp-json\/wp\/v2\/media?parent=6165"}],"wp:term":[{"taxonomy":"category","embeddable":true,"href":"https:\/\/blogs.correiobraziliense.com.br\/cbpoder\/wp-json\/wp\/v2\/categories?post=6165"},{"taxonomy":"post_tag","embeddable":true,"href":"https:\/\/blogs.correiobraziliense.com.br\/cbpoder\/wp-json\/wp\/v2\/tags?post=6165"}],"curies":[{"name":"wp","href":"https:\/\/api.w.org\/{rel}","templated":true}]}}