{"id":6161,"date":"2016-10-21T12:06:52","date_gmt":"2016-10-21T14:06:52","guid":{"rendered":"https:\/\/blogs.correiobraziliense.com.br\/cbpoder\/?p=6161"},"modified":"2016-10-21T10:44:36","modified_gmt":"2016-10-21T12:44:36","slug":"sergio-sampaio-sem-dinheiro-para-todos-os-compromissos-gdf-vai-priorizar-salarios","status":"publish","type":"post","link":"https:\/\/blogs.correiobraziliense.com.br\/cbpoder\/sergio-sampaio-sem-dinheiro-para-todos-os-compromissos-gdf-vai-priorizar-salarios\/","title":{"rendered":"S\u00e9rgio Sampaio: &#8220;Sem dinheiro para todos os compromissos, GDF vai priorizar sal\u00e1rios&#8221;"},"content":{"rendered":"<p>Os pr\u00f3ximos dois meses ser\u00e3o de escolhas para o governo Rollemberg. Como n\u00e3o h\u00e1 dinheiro suficiente para pagar todos os compromissos, o Executivo ter\u00e1 de definir quem ser\u00e1 contemplado e quem vai ficar de fora. \u201cNossa prioridade \u00e9 pagar os sal\u00e1rios dos servidores e os servi\u00e7os essenciais\u201d, garante o chefe da Casa Civil, S\u00e9rgio Sampaio. Como hoje faltam R$ 900 milh\u00f5es para fechar as contas, muitos fornecedores e prestadores de servi\u00e7o ficar\u00e3o na m\u00e3o. Com certeza, haver\u00e1 paralisa\u00e7\u00f5es de empresas contratadas pelo GDF.<\/p>\n<p>&nbsp;<\/p>\n<p><strong>Press\u00e3o militar voltou<\/strong><br \/>\nDepois que Rodrigo Rollemberg (PSB) recebeu representantes dos sindicatos de policiais civis, PMs tamb\u00e9m querem ter um t\u00eate-\u00e0-t\u00eate com o governador. A reivindica\u00e7\u00e3o dos policiais e bombeiros militares \u00e9 direta e clara: \u201cA inexist\u00eancia de proposta oficial associada ao sil\u00eancio e demora em dirimir essa quest\u00e3o salarial tem causado ineg\u00e1vel e grande inquieta\u00e7\u00e3o no \u00e2mbito de corpora\u00e7\u00f5es militares, raz\u00e3o pela qual solicitamos a imediata aprecia\u00e7\u00e3o do pleito de 37%, bem como a urgente realiza\u00e7\u00e3o de audi\u00eancia de Vossa Excel\u00eancia com o F\u00f3rum de Associa\u00e7\u00f5es Representativas dos Policiais e Bombeiros Militares do Distrito Federal\u201d.<\/p>\n","protected":false},"excerpt":{"rendered":"<p>Os pr\u00f3ximos dois meses ser\u00e3o de escolhas para o governo Rollemberg. Como n\u00e3o h\u00e1 dinheiro suficiente para pagar todos os compromissos, o Executivo ter\u00e1 de definir quem ser\u00e1 contemplado e quem vai ficar de fora. \u201cNossa prioridade \u00e9 pagar os sal\u00e1rios dos servidores e os servi\u00e7os essenciais\u201d, garante o chefe da Casa Civil, S\u00e9rgio Sampaio. Como hoje faltam R$ 900 [&hellip;]<\/p>\n","protected":false},"author":9,"featured_media":6162,"comment_status":"open","ping_status":"closed","sticky":false,"template":"","format":"standard","meta":{"footnotes":""},"categories":[234],"tags":[],"class_list":["post-6161","post","type-post","status-publish","format-standard","has-post-thumbnail","hentry","category-cb-poder"],"_links":{"self":[{"href":"https:\/\/blogs.correiobraziliense.com.br\/cbpoder\/wp-json\/wp\/v2\/posts\/6161","targetHints":{"allow":["GET"]}}],"collection":[{"href":"https:\/\/blogs.correiobraziliense.com.br\/cbpoder\/wp-json\/wp\/v2\/posts"}],"about":[{"href":"https:\/\/blogs.correiobraziliense.com.br\/cbpoder\/wp-json\/wp\/v2\/types\/post"}],"author":[{"embeddable":true,"href":"https:\/\/blogs.correiobraziliense.com.br\/cbpoder\/wp-json\/wp\/v2\/users\/9"}],"replies":[{"embeddable":true,"href":"https:\/\/blogs.correiobraziliense.com.br\/cbpoder\/wp-json\/wp\/v2\/comments?post=6161"}],"version-history":[{"count":1,"href":"https:\/\/blogs.correiobraziliense.com.br\/cbpoder\/wp-json\/wp\/v2\/posts\/6161\/revisions"}],"predecessor-version":[{"id":6163,"href":"https:\/\/blogs.correiobraziliense.com.br\/cbpoder\/wp-json\/wp\/v2\/posts\/6161\/revisions\/6163"}],"wp:featuredmedia":[{"embeddable":true,"href":"https:\/\/blogs.correiobraziliense.com.br\/cbpoder\/wp-json\/wp\/v2\/media\/6162"}],"wp:attachment":[{"href":"https:\/\/blogs.correiobraziliense.com.br\/cbpoder\/wp-json\/wp\/v2\/media?parent=6161"}],"wp:term":[{"taxonomy":"category","embeddable":true,"href":"https:\/\/blogs.correiobraziliense.com.br\/cbpoder\/wp-json\/wp\/v2\/categories?post=6161"},{"taxonomy":"post_tag","embeddable":true,"href":"https:\/\/blogs.correiobraziliense.com.br\/cbpoder\/wp-json\/wp\/v2\/tags?post=6161"}],"curies":[{"name":"wp","href":"https:\/\/api.w.org\/{rel}","templated":true}]}}